{"id":1142,"date":"2025-05-10T12:46:48","date_gmt":"2025-05-10T10:46:48","guid":{"rendered":"https:\/\/chemins-de-deuil.fr\/?p=1142"},"modified":"2025-05-19T15:20:19","modified_gmt":"2025-05-19T13:20:19","slug":"sur-le-chemin-du-deuil-tome-1","status":"publish","type":"post","link":"https:\/\/chemins-de-deuil.fr\/index.php\/2025\/05\/10\/sur-le-chemin-du-deuil-tome-1\/","title":{"rendered":"Sur le chemin du deuil &#8211; Tome 1"},"content":{"rendered":"\t\t<div data-elementor-type=\"wp-post\" data-elementor-id=\"1142\" class=\"elementor elementor-1142\">\n\t\t\t\t<div class=\"elementor-element elementor-element-75cdd9ac e-flex e-con-boxed e-con e-parent\" data-id=\"75cdd9ac\" data-element_type=\"container\" data-e-type=\"container\" data-settings=\"{&quot;background_background&quot;:&quot;classic&quot;}\">\n\t\t\t\t\t<div class=\"e-con-inner\">\n\t\t<div class=\"elementor-element elementor-element-61effcd4 e-con-full e-flex e-con e-child\" data-id=\"61effcd4\" data-element_type=\"container\" data-e-type=\"container\">\n\t\t\t\t<div class=\"elementor-element elementor-element-53ba6719 elementor-widget elementor-widget-heading\" data-id=\"53ba6719\" data-element_type=\"widget\" data-e-type=\"widget\" data-widget_type=\"heading.default\">\n\t\t\t\t<div class=\"elementor-widget-container\">\n\t\t\t\t\t<h1 class=\"elementor-heading-title elementor-size-default\">Sur le chemin du deuil... Tome 1<\/h1>\t\t\t\t<\/div>\n\t\t\t\t<\/div>\n\t\t\t\t<\/div>\n\t\t\t\t\t<\/div>\n\t\t\t\t<\/div>\n\t\t<div class=\"elementor-element elementor-element-fd6321e e-flex e-con-boxed e-con e-parent\" data-id=\"fd6321e\" data-element_type=\"container\" data-e-type=\"container\">\n\t\t\t\t\t<div class=\"e-con-inner\">\n\t\t<div class=\"elementor-element elementor-element-3ae74ff0 e-con-full e-flex e-con e-child\" data-id=\"3ae74ff0\" data-element_type=\"container\" data-e-type=\"container\">\n\t\t\t\t<div class=\"elementor-element elementor-element-26943b50 elementor-widget elementor-widget-heading\" data-id=\"26943b50\" data-element_type=\"widget\" data-e-type=\"widget\" data-widget_type=\"heading.default\">\n\t\t\t\t<div class=\"elementor-widget-container\">\n\t\t\t\t\t<h2 class=\"elementor-heading-title elementor-size-default\">Sur le chemin du deuil...<\/h2>\t\t\t\t<\/div>\n\t\t\t\t<\/div>\n\t\t\t\t<div class=\"elementor-element elementor-element-1e73655a elementor-widget-divider--view-line elementor-widget elementor-widget-divider\" data-id=\"1e73655a\" data-element_type=\"widget\" data-e-type=\"widget\" data-widget_type=\"divider.default\">\n\t\t\t\t<div class=\"elementor-widget-container\">\n\t\t\t\t\t\t\t<div class=\"elementor-divider\">\n\t\t\t<span class=\"elementor-divider-separator\">\n\t\t\t\t\t\t<\/span>\n\t\t<\/div>\n\t\t\t\t\t\t<\/div>\n\t\t\t\t<\/div>\n\t\t\t\t<div class=\"elementor-element elementor-element-2fb6d6a2 elementor-widget elementor-widget-text-editor\" data-id=\"2fb6d6a2\" data-element_type=\"widget\" data-e-type=\"widget\" data-widget_type=\"text-editor.default\">\n\t\t\t\t<div class=\"elementor-widget-container\">\n\t\t\t\t\t\t\t\t\t<p>S&rsquo;appuyant sur plus de 15 ans d&rsquo;exp\u00e9rience en groupe et en individuel avec pr\u00e8s de 2000 personnes accompagn\u00e9es, les auteurs vous invitent \u00e0 d\u00e9couvrir des rep\u00e8res de compr\u00e9hension et des outils pratiques pour retrouver un nouvel \u00e9quilibre apr\u00e8s le d\u00e9c\u00e8s d&rsquo;un proche.<br \/>Con\u00e7u dans une perspective d&rsquo;autonomie, cet ouvrage vous guide, \u00e9tape par \u00e9tape, sur ce chemin du deuil. Vous pourrez agir vous-m\u00eame, aller et venir \u00e0 votre rythme : vous \u00e9voluerez en faisant appel \u00e0 vos propres ressources et en reconnaissant vos besoins.<br \/>Des t\u00e9moignages illustrent les diff\u00e9rentes \u00e9tapes de ce chemin. Des textes po\u00e9tiques et des photos jalonnent le parcours.<\/p>\t\t\t\t\t\t\t\t<\/div>\n\t\t\t\t<\/div>\n\t\t\t\t<div class=\"elementor-element elementor-element-72f5deac elementor-widget elementor-widget-text-editor\" data-id=\"72f5deac\" data-element_type=\"widget\" data-e-type=\"widget\" data-widget_type=\"text-editor.default\">\n\t\t\t\t<div class=\"elementor-widget-container\">\n\t\t\t\t\t\t\t\t\t<p>Tome 1 &#8211; Edition Edilivre Juin 2014, 176 pages, Format 134\u00d7204 mm, 19.00 \u20ac<\/p><p>Disponible en librairie<\/p>\t\t\t\t\t\t\t\t<\/div>\n\t\t\t\t<\/div>\n\t\t\t\t<\/div>\n\t\t<div class=\"elementor-element elementor-element-6006bb14 e-con-full e-flex e-con e-child\" data-id=\"6006bb14\" data-element_type=\"container\" data-e-type=\"container\">\n\t\t\t\t<div class=\"elementor-element elementor-element-a43d72f elementor-widget elementor-widget-image\" data-id=\"a43d72f\" data-element_type=\"widget\" data-e-type=\"widget\" data-widget_type=\"image.default\">\n\t\t\t\t<div class=\"elementor-widget-container\">\n\t\t\t\t\t\t\t\t\t\t\t\t\t\t\t<img fetchpriority=\"high\" decoding=\"async\" width=\"1006\" height=\"680\" src=\"https:\/\/chemins-de-deuil.fr\/wp-content\/uploads\/2025\/05\/COUV-TOME-1-et-2.jpg\" class=\"attachment-full size-full wp-image-1155\" alt=\"Livre-sur-le-chemin-du-deuil-Genevi\u00e8ve-Manent\" srcset=\"https:\/\/chemins-de-deuil.fr\/wp-content\/uploads\/2025\/05\/COUV-TOME-1-et-2.jpg 1006w, https:\/\/chemins-de-deuil.fr\/wp-content\/uploads\/2025\/05\/COUV-TOME-1-et-2-300x203.jpg 300w, https:\/\/chemins-de-deuil.fr\/wp-content\/uploads\/2025\/05\/COUV-TOME-1-et-2-768x519.jpg 768w\" sizes=\"(max-width: 1006px) 100vw, 1006px\" \/>\t\t\t\t\t\t\t\t\t\t\t\t\t\t\t<\/div>\n\t\t\t\t<\/div>\n\t\t\t\t<\/div>\n\t\t\t\t\t<\/div>\n\t\t\t\t<\/div>\n\t\t<div class=\"elementor-element elementor-element-50a8be46 animated-slow e-flex e-con-boxed elementor-invisible e-con e-parent\" data-id=\"50a8be46\" data-element_type=\"container\" data-e-type=\"container\" data-settings=\"{&quot;background_background&quot;:&quot;classic&quot;,&quot;animation&quot;:&quot;fadeInRight&quot;}\">\n\t\t\t\t\t<div class=\"e-con-inner\">\n\t\t\t\t<div class=\"elementor-element elementor-element-aa9d440 elementor-widget elementor-widget-heading\" data-id=\"aa9d440\" data-element_type=\"widget\" data-e-type=\"widget\" data-widget_type=\"heading.default\">\n\t\t\t\t<div class=\"elementor-widget-container\">\n\t\t\t\t\t<h2 class=\"elementor-heading-title elementor-size-default\"><span class=\"OYPEnA font-feature-liga-off font-feature-clig-off font-feature-calt-off text-decoration-none text-strikethrough-none\">Les prochaines sessions de formation<\/span><\/h2>\t\t\t\t<\/div>\n\t\t\t\t<\/div>\n\t\t\t\t<div class=\"elementor-element elementor-element-50fb298a elementor-widget elementor-widget-text-editor\" data-id=\"50fb298a\" data-element_type=\"widget\" data-e-type=\"widget\" data-widget_type=\"text-editor.default\">\n\t\t\t\t<div class=\"elementor-widget-container\">\n\t\t\t\t\t\t\t\t\t<p><span class=\"OYPEnA font-feature-liga-off font-feature-clig-off font-feature-calt-off text-decoration-none text-strikethrough-none\">En partenariat avec ADAL, organisme de formation professionnelle<\/span>.<\/p>\t\t\t\t\t\t\t\t<\/div>\n\t\t\t\t<\/div>\n\t\t\t\t<div class=\"elementor-element elementor-element-7392b61d e-n-tabs-mobile elementor-widget elementor-widget-n-tabs\" data-id=\"7392b61d\" data-element_type=\"widget\" data-e-type=\"widget\" data-widget_type=\"nested-tabs.default\">\n\t\t\t\t<div class=\"elementor-widget-container\">\n\t\t\t\t\t\t\t<div class=\"e-n-tabs\" data-widget-number=\"1938994717\" aria-label=\"Onglets. Ouvrez des \u00e9l\u00e9ments avec Entrer ou Espace, fermez-les avec Echape et naviguez \u00e0 l&#039;aide des touches fl\u00e9ch\u00e9es.\">\n\t\t\t<div class=\"e-n-tabs-heading\" role=\"tablist\">\n\t\t\t\t\t<button id=\"e-n-tab-title-19389947171\" data-tab-title-id=\"e-n-tab-title-19389947171\" class=\"e-n-tab-title\" aria-selected=\"true\" data-tab-index=\"1\" role=\"tab\" tabindex=\"0\" aria-controls=\"e-n-tab-content-19389947171\" style=\"--n-tabs-title-order: 1;\">\n\t\t\t\t\t\t<span class=\"e-n-tab-title-text\">\n\t\t\t\tModule 1\t\t\t<\/span>\n\t\t<\/button>\n\t\t\t\t<button id=\"e-n-tab-title-19389947172\" data-tab-title-id=\"e-n-tab-title-19389947172\" class=\"e-n-tab-title\" aria-selected=\"false\" data-tab-index=\"2\" role=\"tab\" tabindex=\"-1\" aria-controls=\"e-n-tab-content-19389947172\" style=\"--n-tabs-title-order: 2;\">\n\t\t\t\t\t\t<span class=\"e-n-tab-title-text\">\n\t\t\t\tModule 2\t\t\t<\/span>\n\t\t<\/button>\n\t\t\t\t<button id=\"e-n-tab-title-19389947173\" data-tab-title-id=\"e-n-tab-title-19389947173\" class=\"e-n-tab-title\" aria-selected=\"false\" data-tab-index=\"3\" role=\"tab\" tabindex=\"-1\" aria-controls=\"e-n-tab-content-19389947173\" style=\"--n-tabs-title-order: 3;\">\n\t\t\t\t\t\t<span class=\"e-n-tab-title-text\">\n\t\t\t\tModule 3\t\t\t<\/span>\n\t\t<\/button>\n\t\t\t\t\t<\/div>\n\t\t\t<div class=\"e-n-tabs-content\">\n\t\t\t\t<div id=\"e-n-tab-content-19389947171\" role=\"tabpanel\" aria-labelledby=\"e-n-tab-title-19389947171\" data-tab-index=\"1\" style=\"--n-tabs-title-order: 1;\" class=\"e-active elementor-element elementor-element-a49919c e-con-full e-flex e-con e-child\" data-id=\"a49919c\" data-element_type=\"container\" data-e-type=\"container\">\n\t\t\t\t<div class=\"elementor-element elementor-element-4d1b3bc1 elementor-widget elementor-widget-text-editor\" data-id=\"4d1b3bc1\" data-element_type=\"widget\" data-e-type=\"widget\" data-widget_type=\"text-editor.default\">\n\t\t\t\t<div class=\"elementor-widget-container\">\n\t\t\t\t\t\t\t\t\t<p>Formation <strong>\u00ab\u00a0Accompagnement du deuil du corps \u00e0 l\u2019\u00eatre\u00a0\u00bb &#8211; Module 1<\/strong><\/p><p><strong>Du 3 au 5 octobre 2025, <\/strong>\u00e0 Paris.<\/p><p><em>Apprendre \u00e0 accompagner le processus de deuil en tenant compte des diff\u00e9rents niveaux de la personne\u2008: le corps, les \u00e9motions, la pens\u00e9e, le psychisme et l\u2019\u00eatre.<\/em><\/p>\t\t\t\t\t\t\t\t<\/div>\n\t\t\t\t<\/div>\n\t\t\t\t<div class=\"elementor-element elementor-element-57b12d2c elementor-align-center elementor-widget elementor-widget-button\" data-id=\"57b12d2c\" data-element_type=\"widget\" data-e-type=\"widget\" data-widget_type=\"button.default\">\n\t\t\t\t<div class=\"elementor-widget-container\">\n\t\t\t\t\t\t\t\t\t<div class=\"elementor-button-wrapper\">\n\t\t\t\t\t<a class=\"elementor-button elementor-button-link elementor-size-sm\" href=\"https:\/\/chemins-de-deuil.fr\/wp-content\/uploads\/2025\/04\/Formation_2025.pdf\" target=\"_blank\">\n\t\t\t\t\t\t<span class=\"elementor-button-content-wrapper\">\n\t\t\t\t\t\t\t\t\t<span class=\"elementor-button-text\">Inscription<\/span>\n\t\t\t\t\t<\/span>\n\t\t\t\t\t<\/a>\n\t\t\t\t<\/div>\n\t\t\t\t\t\t\t\t<\/div>\n\t\t\t\t<\/div>\n\t\t\t\t<\/div>\n\t\t<div id=\"e-n-tab-content-19389947172\" role=\"tabpanel\" aria-labelledby=\"e-n-tab-title-19389947172\" data-tab-index=\"2\" style=\"--n-tabs-title-order: 2;\" class=\" elementor-element elementor-element-8bc7f6e e-con-full e-flex e-con e-child\" data-id=\"8bc7f6e\" data-element_type=\"container\" data-e-type=\"container\">\n\t\t\t\t<div class=\"elementor-element elementor-element-312cc1a8 elementor-widget elementor-widget-text-editor\" data-id=\"312cc1a8\" data-element_type=\"widget\" data-e-type=\"widget\" data-widget_type=\"text-editor.default\">\n\t\t\t\t<div class=\"elementor-widget-container\">\n\t\t\t\t\t\t\t\t\t<p>Formation <strong>\u00ab\u00a0Accompagnement du deuil du corps \u00e0 l\u2019\u00eatre\u00a0\u00bb &#8211; Module 2<\/strong><\/p><p><strong>Du 21 au 23 novembre 2025<\/strong>, \u00e0 Paris.<\/p><p><span style=\"text-decoration: underline;\">Il est imp\u00e9ratif d&rsquo;avoir suivi le Module 1 de la formation pour pouvoir s&rsquo;inscrire au Module 2.<\/span><\/p>\t\t\t\t\t\t\t\t<\/div>\n\t\t\t\t<\/div>\n\t\t\t\t<div class=\"elementor-element elementor-element-730e8d5b elementor-align-center elementor-widget elementor-widget-button\" data-id=\"730e8d5b\" data-element_type=\"widget\" data-e-type=\"widget\" data-widget_type=\"button.default\">\n\t\t\t\t<div class=\"elementor-widget-container\">\n\t\t\t\t\t\t\t\t\t<div class=\"elementor-button-wrapper\">\n\t\t\t\t\t<a class=\"elementor-button elementor-button-link elementor-size-sm\" href=\"https:\/\/chemins-de-deuil.fr\/wp-content\/uploads\/2025\/04\/Formation_2025.pdf\" target=\"_blank\">\n\t\t\t\t\t\t<span class=\"elementor-button-content-wrapper\">\n\t\t\t\t\t\t\t\t\t<span class=\"elementor-button-text\">Inscription<\/span>\n\t\t\t\t\t<\/span>\n\t\t\t\t\t<\/a>\n\t\t\t\t<\/div>\n\t\t\t\t\t\t\t\t<\/div>\n\t\t\t\t<\/div>\n\t\t\t\t<\/div>\n\t\t<div id=\"e-n-tab-content-19389947173\" role=\"tabpanel\" aria-labelledby=\"e-n-tab-title-19389947173\" data-tab-index=\"3\" style=\"--n-tabs-title-order: 3;\" class=\" elementor-element elementor-element-5c7692f0 e-con-full e-flex e-con e-child\" data-id=\"5c7692f0\" data-element_type=\"container\" data-e-type=\"container\">\n\t\t\t\t<div class=\"elementor-element elementor-element-23c9cd67 elementor-widget elementor-widget-text-editor\" data-id=\"23c9cd67\" data-element_type=\"widget\" data-e-type=\"widget\" data-widget_type=\"text-editor.default\">\n\t\t\t\t<div class=\"elementor-widget-container\">\n\t\t\t\t\t\t\t\t\t<p>Formation <strong>\u00ab\u00a0Accompagnement du deuil du corps \u00e0 l\u2019\u00eatre\u00a0\u00bb &#8211; Module 3<\/strong><\/p><p><strong>Du 12 au 14 d\u00e9cembre 2025<\/strong>, \u00e0 Paris.<\/p><p><span style=\"text-decoration: underline;\">Il est imp\u00e9ratif d&rsquo;avoir suivi le Module 2 de la formation pour pouvoir s&rsquo;inscrire au Module 3.<\/span><\/p>\t\t\t\t\t\t\t\t<\/div>\n\t\t\t\t<\/div>\n\t\t\t\t<div class=\"elementor-element elementor-element-43caac01 elementor-align-center elementor-widget elementor-widget-button\" data-id=\"43caac01\" data-element_type=\"widget\" data-e-type=\"widget\" data-widget_type=\"button.default\">\n\t\t\t\t<div class=\"elementor-widget-container\">\n\t\t\t\t\t\t\t\t\t<div class=\"elementor-button-wrapper\">\n\t\t\t\t\t<a class=\"elementor-button elementor-button-link elementor-size-sm\" href=\"https:\/\/chemins-de-deuil.fr\/wp-content\/uploads\/2025\/04\/Formation_2025.pdf\" target=\"_blank\">\n\t\t\t\t\t\t<span class=\"elementor-button-content-wrapper\">\n\t\t\t\t\t\t\t\t\t<span class=\"elementor-button-text\">Inscription<\/span>\n\t\t\t\t\t<\/span>\n\t\t\t\t\t<\/a>\n\t\t\t\t<\/div>\n\t\t\t\t\t\t\t\t<\/div>\n\t\t\t\t<\/div>\n\t\t\t\t<\/div>\n\t\t\t\t\t<\/div>\n\t\t<\/div>\n\t\t\t\t\t\t<\/div>\n\t\t\t\t<\/div>\n\t\t\t\t\t<\/div>\n\t\t\t\t<\/div>\n\t\t\t\t<\/div>\n\t\t","protected":false},"excerpt":{"rendered":"<p>Con\u00e7u dans une perspective d&rsquo;autonomie, cet ouvrage vous guide, \u00e9tape par \u00e9tape, sur ce chemin du deuil.<\/p>\n","protected":false},"author":1,"featured_media":1155,"comment_status":"closed","ping_status":"open","sticky":false,"template":"","format":"standard","meta":{"footnotes":""},"categories":[10],"tags":[],"class_list":["post-1142","post","type-post","status-publish","format-standard","has-post-thumbnail","hentry","category-livre"],"yoast_head":"<!-- This site is optimized with the Yoast SEO plugin v27.2 - https:\/\/yoast.com\/product\/yoast-seo-wordpress\/ -->\n<title>Livre Sur le chemin du deuil de Genevi\u00e8ve Manent<\/title>\n<meta name=\"description\" content=\"Livre de Genevi\u00e8ve Manent, con\u00e7u dans une perspective d&#039;autonomie, cet ouvrage vous guide, \u00e9tape par \u00e9tape, sur ce chemin du deuil.\" \/>\n<meta name=\"robots\" content=\"index, follow, max-snippet:-1, max-image-preview:large, max-video-preview:-1\" \/>\n<link rel=\"canonical\" href=\"https:\/\/chemins-de-deuil.fr\/index.php\/2025\/05\/10\/sur-le-chemin-du-deuil-tome-1\/\" \/>\n<meta property=\"og:locale\" content=\"fr_FR\" \/>\n<meta property=\"og:type\" content=\"article\" \/>\n<meta property=\"og:title\" content=\"Livre Sur le chemin du deuil de Genevi\u00e8ve Manent\" \/>\n<meta property=\"og:description\" content=\"Livre de Genevi\u00e8ve Manent, con\u00e7u dans une perspective d&#039;autonomie, cet ouvrage vous guide, \u00e9tape par \u00e9tape, sur ce chemin du deuil.\" \/>\n<meta property=\"og:url\" content=\"https:\/\/chemins-de-deuil.fr\/index.php\/2025\/05\/10\/sur-le-chemin-du-deuil-tome-1\/\" \/>\n<meta property=\"og:site_name\" content=\"Chemins de deuil, du corps \u00e0 l&#039;\u00eatre\" \/>\n<meta property=\"article:publisher\" content=\"https:\/\/www.facebook.com\/cheminsdedeuil\" \/>\n<meta property=\"article:published_time\" content=\"2025-05-10T10:46:48+00:00\" \/>\n<meta property=\"article:modified_time\" content=\"2025-05-19T13:20:19+00:00\" \/>\n<meta property=\"og:image\" content=\"https:\/\/chemins-de-deuil.fr\/wp-content\/uploads\/2025\/05\/COUV-TOME-1-et-2.jpg\" \/>\n\t<meta property=\"og:image:width\" content=\"1006\" \/>\n\t<meta property=\"og:image:height\" content=\"680\" \/>\n\t<meta property=\"og:image:type\" content=\"image\/jpeg\" \/>\n<meta name=\"author\" content=\"admin6326\" \/>\n<meta name=\"twitter:card\" content=\"summary_large_image\" \/>\n<meta name=\"twitter:label1\" content=\"\u00c9crit par\" \/>\n\t<meta name=\"twitter:data1\" content=\"admin6326\" \/>\n\t<meta name=\"twitter:label2\" content=\"Dur\u00e9e de lecture estim\u00e9e\" \/>\n\t<meta name=\"twitter:data2\" content=\"3 minutes\" \/>\n<script type=\"application\/ld+json\" class=\"yoast-schema-graph\">{\"@context\":\"https:\/\/schema.org\",\"@graph\":[{\"@type\":\"Article\",\"@id\":\"https:\/\/chemins-de-deuil.fr\/index.php\/2025\/05\/10\/sur-le-chemin-du-deuil-tome-1\/#article\",\"isPartOf\":{\"@id\":\"https:\/\/chemins-de-deuil.fr\/index.php\/2025\/05\/10\/sur-le-chemin-du-deuil-tome-1\/\"},\"author\":{\"name\":\"admin6326\",\"@id\":\"https:\/\/chemins-de-deuil.fr\/#\/schema\/person\/ca1793b867dcafd53ad0443ba700cd75\"},\"headline\":\"Sur le chemin du deuil &#8211; Tome 1\",\"datePublished\":\"2025-05-10T10:46:48+00:00\",\"dateModified\":\"2025-05-19T13:20:19+00:00\",\"mainEntityOfPage\":{\"@id\":\"https:\/\/chemins-de-deuil.fr\/index.php\/2025\/05\/10\/sur-le-chemin-du-deuil-tome-1\/\"},\"wordCount\":380,\"publisher\":{\"@id\":\"https:\/\/chemins-de-deuil.fr\/#organization\"},\"image\":{\"@id\":\"https:\/\/chemins-de-deuil.fr\/index.php\/2025\/05\/10\/sur-le-chemin-du-deuil-tome-1\/#primaryimage\"},\"thumbnailUrl\":\"https:\/\/chemins-de-deuil.fr\/wp-content\/uploads\/2025\/05\/COUV-TOME-1-et-2.jpg\",\"articleSection\":[\"Livre\"],\"inLanguage\":\"fr-FR\"},{\"@type\":\"WebPage\",\"@id\":\"https:\/\/chemins-de-deuil.fr\/index.php\/2025\/05\/10\/sur-le-chemin-du-deuil-tome-1\/\",\"url\":\"https:\/\/chemins-de-deuil.fr\/index.php\/2025\/05\/10\/sur-le-chemin-du-deuil-tome-1\/\",\"name\":\"Livre Sur le chemin du deuil de Genevi\u00e8ve Manent\",\"isPartOf\":{\"@id\":\"https:\/\/chemins-de-deuil.fr\/#website\"},\"primaryImageOfPage\":{\"@id\":\"https:\/\/chemins-de-deuil.fr\/index.php\/2025\/05\/10\/sur-le-chemin-du-deuil-tome-1\/#primaryimage\"},\"image\":{\"@id\":\"https:\/\/chemins-de-deuil.fr\/index.php\/2025\/05\/10\/sur-le-chemin-du-deuil-tome-1\/#primaryimage\"},\"thumbnailUrl\":\"https:\/\/chemins-de-deuil.fr\/wp-content\/uploads\/2025\/05\/COUV-TOME-1-et-2.jpg\",\"datePublished\":\"2025-05-10T10:46:48+00:00\",\"dateModified\":\"2025-05-19T13:20:19+00:00\",\"description\":\"Livre de Genevi\u00e8ve Manent, con\u00e7u dans une perspective d'autonomie, cet ouvrage vous guide, \u00e9tape par \u00e9tape, sur ce chemin du deuil.\",\"breadcrumb\":{\"@id\":\"https:\/\/chemins-de-deuil.fr\/index.php\/2025\/05\/10\/sur-le-chemin-du-deuil-tome-1\/#breadcrumb\"},\"inLanguage\":\"fr-FR\",\"potentialAction\":[{\"@type\":\"ReadAction\",\"target\":[\"https:\/\/chemins-de-deuil.fr\/index.php\/2025\/05\/10\/sur-le-chemin-du-deuil-tome-1\/\"]}]},{\"@type\":\"ImageObject\",\"inLanguage\":\"fr-FR\",\"@id\":\"https:\/\/chemins-de-deuil.fr\/index.php\/2025\/05\/10\/sur-le-chemin-du-deuil-tome-1\/#primaryimage\",\"url\":\"https:\/\/chemins-de-deuil.fr\/wp-content\/uploads\/2025\/05\/COUV-TOME-1-et-2.jpg\",\"contentUrl\":\"https:\/\/chemins-de-deuil.fr\/wp-content\/uploads\/2025\/05\/COUV-TOME-1-et-2.jpg\",\"width\":1006,\"height\":680,\"caption\":\"Livre-sur-le-chemin-du-deuil-Genevi\u00e8ve-Manent\"},{\"@type\":\"BreadcrumbList\",\"@id\":\"https:\/\/chemins-de-deuil.fr\/index.php\/2025\/05\/10\/sur-le-chemin-du-deuil-tome-1\/#breadcrumb\",\"itemListElement\":[{\"@type\":\"ListItem\",\"position\":1,\"name\":\"Accueil\",\"item\":\"https:\/\/chemins-de-deuil.fr\/\"},{\"@type\":\"ListItem\",\"position\":2,\"name\":\"Sur le chemin du deuil &#8211; Tome 1\"}]},{\"@type\":\"WebSite\",\"@id\":\"https:\/\/chemins-de-deuil.fr\/#website\",\"url\":\"https:\/\/chemins-de-deuil.fr\/\",\"name\":\"Chemins de deuil, du corps \u00e0 l'\u00eatre\",\"description\":\"Sur le chemin du deuil, accompagner la vie\",\"publisher\":{\"@id\":\"https:\/\/chemins-de-deuil.fr\/#organization\"},\"potentialAction\":[{\"@type\":\"SearchAction\",\"target\":{\"@type\":\"EntryPoint\",\"urlTemplate\":\"https:\/\/chemins-de-deuil.fr\/?s={search_term_string}\"},\"query-input\":{\"@type\":\"PropertyValueSpecification\",\"valueRequired\":true,\"valueName\":\"search_term_string\"}}],\"inLanguage\":\"fr-FR\"},{\"@type\":\"Organization\",\"@id\":\"https:\/\/chemins-de-deuil.fr\/#organization\",\"name\":\"Chemins de deuil, du corps \u00e0 l'\u00eatre\",\"url\":\"https:\/\/chemins-de-deuil.fr\/\",\"logo\":{\"@type\":\"ImageObject\",\"inLanguage\":\"fr-FR\",\"@id\":\"https:\/\/chemins-de-deuil.fr\/#\/schema\/logo\/image\/\",\"url\":\"https:\/\/chemins-de-deuil.fr\/wp-content\/uploads\/2025\/04\/cropped-logoCDD.png\",\"contentUrl\":\"https:\/\/chemins-de-deuil.fr\/wp-content\/uploads\/2025\/04\/cropped-logoCDD.png\",\"width\":923,\"height\":492,\"caption\":\"Chemins de deuil, du corps \u00e0 l'\u00eatre\"},\"image\":{\"@id\":\"https:\/\/chemins-de-deuil.fr\/#\/schema\/logo\/image\/\"},\"sameAs\":[\"https:\/\/www.facebook.com\/cheminsdedeuil\"]},{\"@type\":\"Person\",\"@id\":\"https:\/\/chemins-de-deuil.fr\/#\/schema\/person\/ca1793b867dcafd53ad0443ba700cd75\",\"name\":\"admin6326\",\"image\":{\"@type\":\"ImageObject\",\"inLanguage\":\"fr-FR\",\"@id\":\"https:\/\/secure.gravatar.com\/avatar\/22a5ec7c050d9f9165302ddb75244215e8d231ec831249b4afb3dd0283f69529?s=96&d=mm&r=g\",\"url\":\"https:\/\/secure.gravatar.com\/avatar\/22a5ec7c050d9f9165302ddb75244215e8d231ec831249b4afb3dd0283f69529?s=96&d=mm&r=g\",\"contentUrl\":\"https:\/\/secure.gravatar.com\/avatar\/22a5ec7c050d9f9165302ddb75244215e8d231ec831249b4afb3dd0283f69529?s=96&d=mm&r=g\",\"caption\":\"admin6326\"},\"sameAs\":[\"http:\/\/omugubq.cluster021.hosting.ovh.net\"],\"url\":\"https:\/\/chemins-de-deuil.fr\/index.php\/author\/admin6326\/\"}]}<\/script>\n<!-- \/ Yoast SEO plugin. -->","yoast_head_json":{"title":"Livre Sur le chemin du deuil de Genevi\u00e8ve Manent","description":"Livre de Genevi\u00e8ve Manent, con\u00e7u dans une perspective d'autonomie, cet ouvrage vous guide, \u00e9tape par \u00e9tape, sur ce chemin du deuil.","robots":{"index":"index","follow":"follow","max-snippet":"max-snippet:-1","max-image-preview":"max-image-preview:large","max-video-preview":"max-video-preview:-1"},"canonical":"https:\/\/chemins-de-deuil.fr\/index.php\/2025\/05\/10\/sur-le-chemin-du-deuil-tome-1\/","og_locale":"fr_FR","og_type":"article","og_title":"Livre Sur le chemin du deuil de Genevi\u00e8ve Manent","og_description":"Livre de Genevi\u00e8ve Manent, con\u00e7u dans une perspective d'autonomie, cet ouvrage vous guide, \u00e9tape par \u00e9tape, sur ce chemin du deuil.","og_url":"https:\/\/chemins-de-deuil.fr\/index.php\/2025\/05\/10\/sur-le-chemin-du-deuil-tome-1\/","og_site_name":"Chemins de deuil, du corps \u00e0 l&#039;\u00eatre","article_publisher":"https:\/\/www.facebook.com\/cheminsdedeuil","article_published_time":"2025-05-10T10:46:48+00:00","article_modified_time":"2025-05-19T13:20:19+00:00","og_image":[{"width":1006,"height":680,"url":"https:\/\/chemins-de-deuil.fr\/wp-content\/uploads\/2025\/05\/COUV-TOME-1-et-2.jpg","type":"image\/jpeg"}],"author":"admin6326","twitter_card":"summary_large_image","twitter_misc":{"\u00c9crit par":"admin6326","Dur\u00e9e de lecture estim\u00e9e":"3 minutes"},"schema":{"@context":"https:\/\/schema.org","@graph":[{"@type":"Article","@id":"https:\/\/chemins-de-deuil.fr\/index.php\/2025\/05\/10\/sur-le-chemin-du-deuil-tome-1\/#article","isPartOf":{"@id":"https:\/\/chemins-de-deuil.fr\/index.php\/2025\/05\/10\/sur-le-chemin-du-deuil-tome-1\/"},"author":{"name":"admin6326","@id":"https:\/\/chemins-de-deuil.fr\/#\/schema\/person\/ca1793b867dcafd53ad0443ba700cd75"},"headline":"Sur le chemin du deuil &#8211; Tome 1","datePublished":"2025-05-10T10:46:48+00:00","dateModified":"2025-05-19T13:20:19+00:00","mainEntityOfPage":{"@id":"https:\/\/chemins-de-deuil.fr\/index.php\/2025\/05\/10\/sur-le-chemin-du-deuil-tome-1\/"},"wordCount":380,"publisher":{"@id":"https:\/\/chemins-de-deuil.fr\/#organization"},"image":{"@id":"https:\/\/chemins-de-deuil.fr\/index.php\/2025\/05\/10\/sur-le-chemin-du-deuil-tome-1\/#primaryimage"},"thumbnailUrl":"https:\/\/chemins-de-deuil.fr\/wp-content\/uploads\/2025\/05\/COUV-TOME-1-et-2.jpg","articleSection":["Livre"],"inLanguage":"fr-FR"},{"@type":"WebPage","@id":"https:\/\/chemins-de-deuil.fr\/index.php\/2025\/05\/10\/sur-le-chemin-du-deuil-tome-1\/","url":"https:\/\/chemins-de-deuil.fr\/index.php\/2025\/05\/10\/sur-le-chemin-du-deuil-tome-1\/","name":"Livre Sur le chemin du deuil de Genevi\u00e8ve Manent","isPartOf":{"@id":"https:\/\/chemins-de-deuil.fr\/#website"},"primaryImageOfPage":{"@id":"https:\/\/chemins-de-deuil.fr\/index.php\/2025\/05\/10\/sur-le-chemin-du-deuil-tome-1\/#primaryimage"},"image":{"@id":"https:\/\/chemins-de-deuil.fr\/index.php\/2025\/05\/10\/sur-le-chemin-du-deuil-tome-1\/#primaryimage"},"thumbnailUrl":"https:\/\/chemins-de-deuil.fr\/wp-content\/uploads\/2025\/05\/COUV-TOME-1-et-2.jpg","datePublished":"2025-05-10T10:46:48+00:00","dateModified":"2025-05-19T13:20:19+00:00","description":"Livre de Genevi\u00e8ve Manent, con\u00e7u dans une perspective d'autonomie, cet ouvrage vous guide, \u00e9tape par \u00e9tape, sur ce chemin du deuil.","breadcrumb":{"@id":"https:\/\/chemins-de-deuil.fr\/index.php\/2025\/05\/10\/sur-le-chemin-du-deuil-tome-1\/#breadcrumb"},"inLanguage":"fr-FR","potentialAction":[{"@type":"ReadAction","target":["https:\/\/chemins-de-deuil.fr\/index.php\/2025\/05\/10\/sur-le-chemin-du-deuil-tome-1\/"]}]},{"@type":"ImageObject","inLanguage":"fr-FR","@id":"https:\/\/chemins-de-deuil.fr\/index.php\/2025\/05\/10\/sur-le-chemin-du-deuil-tome-1\/#primaryimage","url":"https:\/\/chemins-de-deuil.fr\/wp-content\/uploads\/2025\/05\/COUV-TOME-1-et-2.jpg","contentUrl":"https:\/\/chemins-de-deuil.fr\/wp-content\/uploads\/2025\/05\/COUV-TOME-1-et-2.jpg","width":1006,"height":680,"caption":"Livre-sur-le-chemin-du-deuil-Genevi\u00e8ve-Manent"},{"@type":"BreadcrumbList","@id":"https:\/\/chemins-de-deuil.fr\/index.php\/2025\/05\/10\/sur-le-chemin-du-deuil-tome-1\/#breadcrumb","itemListElement":[{"@type":"ListItem","position":1,"name":"Accueil","item":"https:\/\/chemins-de-deuil.fr\/"},{"@type":"ListItem","position":2,"name":"Sur le chemin du deuil &#8211; Tome 1"}]},{"@type":"WebSite","@id":"https:\/\/chemins-de-deuil.fr\/#website","url":"https:\/\/chemins-de-deuil.fr\/","name":"Chemins de deuil, du corps \u00e0 l'\u00eatre","description":"Sur le chemin du deuil, accompagner la vie","publisher":{"@id":"https:\/\/chemins-de-deuil.fr\/#organization"},"potentialAction":[{"@type":"SearchAction","target":{"@type":"EntryPoint","urlTemplate":"https:\/\/chemins-de-deuil.fr\/?s={search_term_string}"},"query-input":{"@type":"PropertyValueSpecification","valueRequired":true,"valueName":"search_term_string"}}],"inLanguage":"fr-FR"},{"@type":"Organization","@id":"https:\/\/chemins-de-deuil.fr\/#organization","name":"Chemins de deuil, du corps \u00e0 l'\u00eatre","url":"https:\/\/chemins-de-deuil.fr\/","logo":{"@type":"ImageObject","inLanguage":"fr-FR","@id":"https:\/\/chemins-de-deuil.fr\/#\/schema\/logo\/image\/","url":"https:\/\/chemins-de-deuil.fr\/wp-content\/uploads\/2025\/04\/cropped-logoCDD.png","contentUrl":"https:\/\/chemins-de-deuil.fr\/wp-content\/uploads\/2025\/04\/cropped-logoCDD.png","width":923,"height":492,"caption":"Chemins de deuil, du corps \u00e0 l'\u00eatre"},"image":{"@id":"https:\/\/chemins-de-deuil.fr\/#\/schema\/logo\/image\/"},"sameAs":["https:\/\/www.facebook.com\/cheminsdedeuil"]},{"@type":"Person","@id":"https:\/\/chemins-de-deuil.fr\/#\/schema\/person\/ca1793b867dcafd53ad0443ba700cd75","name":"admin6326","image":{"@type":"ImageObject","inLanguage":"fr-FR","@id":"https:\/\/secure.gravatar.com\/avatar\/22a5ec7c050d9f9165302ddb75244215e8d231ec831249b4afb3dd0283f69529?s=96&d=mm&r=g","url":"https:\/\/secure.gravatar.com\/avatar\/22a5ec7c050d9f9165302ddb75244215e8d231ec831249b4afb3dd0283f69529?s=96&d=mm&r=g","contentUrl":"https:\/\/secure.gravatar.com\/avatar\/22a5ec7c050d9f9165302ddb75244215e8d231ec831249b4afb3dd0283f69529?s=96&d=mm&r=g","caption":"admin6326"},"sameAs":["http:\/\/omugubq.cluster021.hosting.ovh.net"],"url":"https:\/\/chemins-de-deuil.fr\/index.php\/author\/admin6326\/"}]}},"_links":{"self":[{"href":"https:\/\/chemins-de-deuil.fr\/index.php\/wp-json\/wp\/v2\/posts\/1142","targetHints":{"allow":["GET"]}}],"collection":[{"href":"https:\/\/chemins-de-deuil.fr\/index.php\/wp-json\/wp\/v2\/posts"}],"about":[{"href":"https:\/\/chemins-de-deuil.fr\/index.php\/wp-json\/wp\/v2\/types\/post"}],"author":[{"embeddable":true,"href":"https:\/\/chemins-de-deuil.fr\/index.php\/wp-json\/wp\/v2\/users\/1"}],"replies":[{"embeddable":true,"href":"https:\/\/chemins-de-deuil.fr\/index.php\/wp-json\/wp\/v2\/comments?post=1142"}],"version-history":[{"count":16,"href":"https:\/\/chemins-de-deuil.fr\/index.php\/wp-json\/wp\/v2\/posts\/1142\/revisions"}],"predecessor-version":[{"id":1437,"href":"https:\/\/chemins-de-deuil.fr\/index.php\/wp-json\/wp\/v2\/posts\/1142\/revisions\/1437"}],"wp:featuredmedia":[{"embeddable":true,"href":"https:\/\/chemins-de-deuil.fr\/index.php\/wp-json\/wp\/v2\/media\/1155"}],"wp:attachment":[{"href":"https:\/\/chemins-de-deuil.fr\/index.php\/wp-json\/wp\/v2\/media?parent=1142"}],"wp:term":[{"taxonomy":"category","embeddable":true,"href":"https:\/\/chemins-de-deuil.fr\/index.php\/wp-json\/wp\/v2\/categories?post=1142"},{"taxonomy":"post_tag","embeddable":true,"href":"https:\/\/chemins-de-deuil.fr\/index.php\/wp-json\/wp\/v2\/tags?post=1142"}],"curies":[{"name":"wp","href":"https:\/\/api.w.org\/{rel}","templated":true}]}}