{"id":1171,"date":"2025-05-09T13:04:13","date_gmt":"2025-05-09T11:04:13","guid":{"rendered":"https:\/\/chemins-de-deuil.fr\/?p=1171"},"modified":"2025-05-19T15:17:21","modified_gmt":"2025-05-19T13:17:21","slug":"livre-sur-le-chemin-du-deuil-tome-2","status":"publish","type":"post","link":"https:\/\/chemins-de-deuil.fr\/index.php\/2025\/05\/09\/livre-sur-le-chemin-du-deuil-tome-2\/","title":{"rendered":"Sur le chemin du deuil &#8211; Tome 2"},"content":{"rendered":"\t\t<div data-elementor-type=\"wp-post\" data-elementor-id=\"1171\" class=\"elementor elementor-1171\">\n\t\t\t\t<div class=\"elementor-element elementor-element-6e0d929d e-flex e-con-boxed e-con e-parent\" data-id=\"6e0d929d\" data-element_type=\"container\" data-e-type=\"container\" data-settings=\"{&quot;background_background&quot;:&quot;classic&quot;}\">\n\t\t\t\t\t<div class=\"e-con-inner\">\n\t\t<div class=\"elementor-element elementor-element-dd5640 e-con-full e-flex e-con e-child\" data-id=\"dd5640\" data-element_type=\"container\" data-e-type=\"container\">\n\t\t\t\t<div class=\"elementor-element elementor-element-a4a2f97 elementor-widget elementor-widget-heading\" data-id=\"a4a2f97\" data-element_type=\"widget\" data-e-type=\"widget\" data-widget_type=\"heading.default\">\n\t\t\t\t<div class=\"elementor-widget-container\">\n\t\t\t\t\t<h1 class=\"elementor-heading-title elementor-size-default\">Sur le chemin du deuil - Tome 2<\/h1>\t\t\t\t<\/div>\n\t\t\t\t<\/div>\n\t\t\t\t<\/div>\n\t\t\t\t\t<\/div>\n\t\t\t\t<\/div>\n\t\t<div class=\"elementor-element elementor-element-48537bdb e-flex e-con-boxed e-con e-parent\" data-id=\"48537bdb\" data-element_type=\"container\" data-e-type=\"container\">\n\t\t\t\t\t<div class=\"e-con-inner\">\n\t\t<div class=\"elementor-element elementor-element-642ffab e-con-full e-flex e-con e-child\" data-id=\"642ffab\" data-element_type=\"container\" data-e-type=\"container\">\n\t\t\t\t<div class=\"elementor-element elementor-element-72c83b64 elementor-widget elementor-widget-heading\" data-id=\"72c83b64\" data-element_type=\"widget\" data-e-type=\"widget\" data-widget_type=\"heading.default\">\n\t\t\t\t<div class=\"elementor-widget-container\">\n\t\t\t\t\t<h2 class=\"elementor-heading-title elementor-size-default\">Sur le chemin du deuil - Tome 2<\/h2>\t\t\t\t<\/div>\n\t\t\t\t<\/div>\n\t\t\t\t<div class=\"elementor-element elementor-element-e8e7c8e elementor-widget-divider--view-line elementor-widget elementor-widget-divider\" data-id=\"e8e7c8e\" data-element_type=\"widget\" data-e-type=\"widget\" data-widget_type=\"divider.default\">\n\t\t\t\t<div class=\"elementor-widget-container\">\n\t\t\t\t\t\t\t<div class=\"elementor-divider\">\n\t\t\t<span class=\"elementor-divider-separator\">\n\t\t\t\t\t\t<\/span>\n\t\t<\/div>\n\t\t\t\t\t\t<\/div>\n\t\t\t\t<\/div>\n\t\t\t\t<div class=\"elementor-element elementor-element-3c12753e elementor-widget elementor-widget-text-editor\" data-id=\"3c12753e\" data-element_type=\"widget\" data-e-type=\"widget\" data-widget_type=\"text-editor.default\">\n\t\t\t\t<div class=\"elementor-widget-container\">\n\t\t\t\t\t\t\t\t\t<p>Pour tous ceux qui sont concern\u00e9s par des projets d&rsquo;accompagnement. Vous pourrez consulter dans ce tome 2 la pr\u00e9sentation d\u00e9taill\u00e9e d&rsquo;accompagnement du deuil en famille et du deuil du conjoint avec les sp\u00e9cificit\u00e9s du deuil chez l&rsquo;enfant, l&rsquo;adolescent et le conioint. Vous trouverez des rep\u00e8res de connaissances et de compr\u00e9hension, des outils corporels, graphiques et p\u00e9dagogiques adapt\u00e9s. Et vous d\u00e9couvrirez la place de l&rsquo;art et de la cr\u00e9ativit\u00e9 dans le r\u00e9veil de l&rsquo;\u00e9lan vital. En annexe une bibliographie et une discographie circonstanci\u00e9es, des adresses utiles.<\/p>\t\t\t\t\t\t\t\t<\/div>\n\t\t\t\t<\/div>\n\t\t\t\t<div class=\"elementor-element elementor-element-7a5fbb3b elementor-widget elementor-widget-text-editor\" data-id=\"7a5fbb3b\" data-element_type=\"widget\" data-e-type=\"widget\" data-widget_type=\"text-editor.default\">\n\t\t\t\t<div class=\"elementor-widget-container\">\n\t\t\t\t\t\t\t\t\t<p>Tome 2 &#8211; Edition Edilivre Juillet 2014, Format 134&#215;204 mm, 170 pages, 18.50 \u20ac<\/p><p>Disponible en librairie<\/p>\t\t\t\t\t\t\t\t<\/div>\n\t\t\t\t<\/div>\n\t\t\t\t<\/div>\n\t\t<div class=\"elementor-element elementor-element-788b5017 e-con-full e-flex e-con e-child\" data-id=\"788b5017\" data-element_type=\"container\" data-e-type=\"container\">\n\t\t\t\t<div class=\"elementor-element elementor-element-fec323a elementor-widget elementor-widget-image\" data-id=\"fec323a\" data-element_type=\"widget\" data-e-type=\"widget\" data-widget_type=\"image.default\">\n\t\t\t\t<div class=\"elementor-widget-container\">\n\t\t\t\t\t\t\t\t\t\t\t\t\t\t\t<img fetchpriority=\"high\" decoding=\"async\" width=\"1006\" height=\"680\" src=\"https:\/\/chemins-de-deuil.fr\/wp-content\/uploads\/2025\/05\/COUV-TOME-1-et-2.jpg\" class=\"attachment-full size-full wp-image-1155\" alt=\"Livre-sur-le-chemin-du-deuil-Genevi\u00e8ve-Manent\" srcset=\"https:\/\/chemins-de-deuil.fr\/wp-content\/uploads\/2025\/05\/COUV-TOME-1-et-2.jpg 1006w, https:\/\/chemins-de-deuil.fr\/wp-content\/uploads\/2025\/05\/COUV-TOME-1-et-2-300x203.jpg 300w, https:\/\/chemins-de-deuil.fr\/wp-content\/uploads\/2025\/05\/COUV-TOME-1-et-2-768x519.jpg 768w\" sizes=\"(max-width: 1006px) 100vw, 1006px\" \/>\t\t\t\t\t\t\t\t\t\t\t\t\t\t\t<\/div>\n\t\t\t\t<\/div>\n\t\t\t\t<\/div>\n\t\t\t\t\t<\/div>\n\t\t\t\t<\/div>\n\t\t<div class=\"elementor-element elementor-element-2f9c1a56 animated-slow e-flex e-con-boxed elementor-invisible e-con e-parent\" data-id=\"2f9c1a56\" data-element_type=\"container\" data-e-type=\"container\" data-settings=\"{&quot;background_background&quot;:&quot;classic&quot;,&quot;animation&quot;:&quot;fadeInRight&quot;}\">\n\t\t\t\t\t<div class=\"e-con-inner\">\n\t\t\t\t<div class=\"elementor-element elementor-element-18f3da46 elementor-widget elementor-widget-heading\" data-id=\"18f3da46\" data-element_type=\"widget\" data-e-type=\"widget\" data-widget_type=\"heading.default\">\n\t\t\t\t<div class=\"elementor-widget-container\">\n\t\t\t\t\t<h2 class=\"elementor-heading-title elementor-size-default\"><span class=\"OYPEnA font-feature-liga-off font-feature-clig-off font-feature-calt-off text-decoration-none text-strikethrough-none\">Les prochaines sessions de formation<\/span><\/h2>\t\t\t\t<\/div>\n\t\t\t\t<\/div>\n\t\t\t\t<div class=\"elementor-element elementor-element-1495cc75 elementor-widget elementor-widget-text-editor\" data-id=\"1495cc75\" data-element_type=\"widget\" data-e-type=\"widget\" data-widget_type=\"text-editor.default\">\n\t\t\t\t<div class=\"elementor-widget-container\">\n\t\t\t\t\t\t\t\t\t<p><span class=\"OYPEnA font-feature-liga-off font-feature-clig-off font-feature-calt-off text-decoration-none text-strikethrough-none\">En partenariat avec ADAL, organisme de formation professionnelle<\/span>.<\/p>\t\t\t\t\t\t\t\t<\/div>\n\t\t\t\t<\/div>\n\t\t\t\t<div class=\"elementor-element elementor-element-8c9422f e-n-tabs-mobile elementor-widget elementor-widget-n-tabs\" data-id=\"8c9422f\" data-element_type=\"widget\" data-e-type=\"widget\" data-widget_type=\"nested-tabs.default\">\n\t\t\t\t<div class=\"elementor-widget-container\">\n\t\t\t\t\t\t\t<div class=\"e-n-tabs\" data-widget-number=\"147407407\" aria-label=\"Onglets. Ouvrez des \u00e9l\u00e9ments avec Entrer ou Espace, fermez-les avec Echape et naviguez \u00e0 l&#039;aide des touches fl\u00e9ch\u00e9es.\">\n\t\t\t<div class=\"e-n-tabs-heading\" role=\"tablist\">\n\t\t\t\t\t<button id=\"e-n-tab-title-1474074071\" data-tab-title-id=\"e-n-tab-title-1474074071\" class=\"e-n-tab-title\" aria-selected=\"true\" data-tab-index=\"1\" role=\"tab\" tabindex=\"0\" aria-controls=\"e-n-tab-content-1474074071\" style=\"--n-tabs-title-order: 1;\">\n\t\t\t\t\t\t<span class=\"e-n-tab-title-text\">\n\t\t\t\tModule 1\t\t\t<\/span>\n\t\t<\/button>\n\t\t\t\t<button id=\"e-n-tab-title-1474074072\" data-tab-title-id=\"e-n-tab-title-1474074072\" class=\"e-n-tab-title\" aria-selected=\"false\" data-tab-index=\"2\" role=\"tab\" tabindex=\"-1\" aria-controls=\"e-n-tab-content-1474074072\" style=\"--n-tabs-title-order: 2;\">\n\t\t\t\t\t\t<span class=\"e-n-tab-title-text\">\n\t\t\t\tModule 2\t\t\t<\/span>\n\t\t<\/button>\n\t\t\t\t<button id=\"e-n-tab-title-1474074073\" data-tab-title-id=\"e-n-tab-title-1474074073\" class=\"e-n-tab-title\" aria-selected=\"false\" data-tab-index=\"3\" role=\"tab\" tabindex=\"-1\" aria-controls=\"e-n-tab-content-1474074073\" style=\"--n-tabs-title-order: 3;\">\n\t\t\t\t\t\t<span class=\"e-n-tab-title-text\">\n\t\t\t\tModule 3\t\t\t<\/span>\n\t\t<\/button>\n\t\t\t\t\t<\/div>\n\t\t\t<div class=\"e-n-tabs-content\">\n\t\t\t\t<div id=\"e-n-tab-content-1474074071\" role=\"tabpanel\" aria-labelledby=\"e-n-tab-title-1474074071\" data-tab-index=\"1\" style=\"--n-tabs-title-order: 1;\" class=\"e-active elementor-element elementor-element-2901d9f2 e-con-full e-flex e-con e-child\" data-id=\"2901d9f2\" data-element_type=\"container\" data-e-type=\"container\">\n\t\t\t\t<div class=\"elementor-element elementor-element-8d6c30d elementor-widget elementor-widget-text-editor\" data-id=\"8d6c30d\" data-element_type=\"widget\" data-e-type=\"widget\" data-widget_type=\"text-editor.default\">\n\t\t\t\t<div class=\"elementor-widget-container\">\n\t\t\t\t\t\t\t\t\t<p>Formation <strong>\u00ab\u00a0Accompagnement du deuil du corps \u00e0 l\u2019\u00eatre\u00a0\u00bb &#8211; Module 1<\/strong><\/p><p><strong>Du 3 au 5 octobre 2025, <\/strong>\u00e0 Paris.<\/p><p><em>Apprendre \u00e0 accompagner le processus de deuil en tenant compte des diff\u00e9rents niveaux de la personne\u2008: le corps, les \u00e9motions, la pens\u00e9e, le psychisme et l\u2019\u00eatre.<\/em><\/p>\t\t\t\t\t\t\t\t<\/div>\n\t\t\t\t<\/div>\n\t\t\t\t<div class=\"elementor-element elementor-element-79856898 elementor-align-center elementor-widget elementor-widget-button\" data-id=\"79856898\" data-element_type=\"widget\" data-e-type=\"widget\" data-widget_type=\"button.default\">\n\t\t\t\t<div class=\"elementor-widget-container\">\n\t\t\t\t\t\t\t\t\t<div class=\"elementor-button-wrapper\">\n\t\t\t\t\t<a class=\"elementor-button elementor-button-link elementor-size-sm\" href=\"https:\/\/chemins-de-deuil.fr\/wp-content\/uploads\/2025\/04\/Formation_2025.pdf\" target=\"_blank\">\n\t\t\t\t\t\t<span class=\"elementor-button-content-wrapper\">\n\t\t\t\t\t\t\t\t\t<span class=\"elementor-button-text\">Inscription<\/span>\n\t\t\t\t\t<\/span>\n\t\t\t\t\t<\/a>\n\t\t\t\t<\/div>\n\t\t\t\t\t\t\t\t<\/div>\n\t\t\t\t<\/div>\n\t\t\t\t<\/div>\n\t\t<div id=\"e-n-tab-content-1474074072\" role=\"tabpanel\" aria-labelledby=\"e-n-tab-title-1474074072\" data-tab-index=\"2\" style=\"--n-tabs-title-order: 2;\" class=\" elementor-element elementor-element-c4cd45c e-con-full e-flex e-con e-child\" data-id=\"c4cd45c\" data-element_type=\"container\" data-e-type=\"container\">\n\t\t\t\t<div class=\"elementor-element elementor-element-462d2bb2 elementor-widget elementor-widget-text-editor\" data-id=\"462d2bb2\" data-element_type=\"widget\" data-e-type=\"widget\" data-widget_type=\"text-editor.default\">\n\t\t\t\t<div class=\"elementor-widget-container\">\n\t\t\t\t\t\t\t\t\t<p>Formation <strong>\u00ab\u00a0Accompagnement du deuil du corps \u00e0 l\u2019\u00eatre\u00a0\u00bb &#8211; Module 2<\/strong><\/p><p><strong>Du 21 au 23 novembre 2025<\/strong>, \u00e0 Paris.<\/p><p><span style=\"text-decoration: underline;\">Il est imp\u00e9ratif d&rsquo;avoir suivi le Module 1 de la formation pour pouvoir s&rsquo;inscrire au Module 2.<\/span><\/p>\t\t\t\t\t\t\t\t<\/div>\n\t\t\t\t<\/div>\n\t\t\t\t<div class=\"elementor-element elementor-element-547c8cc3 elementor-align-center elementor-widget elementor-widget-button\" data-id=\"547c8cc3\" data-element_type=\"widget\" data-e-type=\"widget\" data-widget_type=\"button.default\">\n\t\t\t\t<div class=\"elementor-widget-container\">\n\t\t\t\t\t\t\t\t\t<div class=\"elementor-button-wrapper\">\n\t\t\t\t\t<a class=\"elementor-button elementor-button-link elementor-size-sm\" href=\"https:\/\/chemins-de-deuil.fr\/wp-content\/uploads\/2025\/04\/Formation_2025.pdf\" target=\"_blank\">\n\t\t\t\t\t\t<span class=\"elementor-button-content-wrapper\">\n\t\t\t\t\t\t\t\t\t<span class=\"elementor-button-text\">Inscription<\/span>\n\t\t\t\t\t<\/span>\n\t\t\t\t\t<\/a>\n\t\t\t\t<\/div>\n\t\t\t\t\t\t\t\t<\/div>\n\t\t\t\t<\/div>\n\t\t\t\t<\/div>\n\t\t<div id=\"e-n-tab-content-1474074073\" role=\"tabpanel\" aria-labelledby=\"e-n-tab-title-1474074073\" data-tab-index=\"3\" style=\"--n-tabs-title-order: 3;\" class=\" elementor-element elementor-element-7ea0d3b8 e-con-full e-flex e-con e-child\" data-id=\"7ea0d3b8\" data-element_type=\"container\" data-e-type=\"container\">\n\t\t\t\t<div class=\"elementor-element elementor-element-17b15447 elementor-widget elementor-widget-text-editor\" data-id=\"17b15447\" data-element_type=\"widget\" data-e-type=\"widget\" data-widget_type=\"text-editor.default\">\n\t\t\t\t<div class=\"elementor-widget-container\">\n\t\t\t\t\t\t\t\t\t<p>Formation <strong>\u00ab\u00a0Accompagnement du deuil du corps \u00e0 l\u2019\u00eatre\u00a0\u00bb &#8211; Module 3<\/strong><\/p><p><strong>Du 12 au 14 d\u00e9cembre 2025<\/strong>, \u00e0 Paris.<\/p><p><span style=\"text-decoration: underline;\">Il est imp\u00e9ratif d&rsquo;avoir suivi le Module 2 de la formation pour pouvoir s&rsquo;inscrire au Module 3.<\/span><\/p>\t\t\t\t\t\t\t\t<\/div>\n\t\t\t\t<\/div>\n\t\t\t\t<div class=\"elementor-element elementor-element-6a315791 elementor-align-center elementor-widget elementor-widget-button\" data-id=\"6a315791\" data-element_type=\"widget\" data-e-type=\"widget\" data-widget_type=\"button.default\">\n\t\t\t\t<div class=\"elementor-widget-container\">\n\t\t\t\t\t\t\t\t\t<div class=\"elementor-button-wrapper\">\n\t\t\t\t\t<a class=\"elementor-button elementor-button-link elementor-size-sm\" href=\"https:\/\/chemins-de-deuil.fr\/wp-content\/uploads\/2025\/04\/Formation_2025.pdf\" target=\"_blank\">\n\t\t\t\t\t\t<span class=\"elementor-button-content-wrapper\">\n\t\t\t\t\t\t\t\t\t<span class=\"elementor-button-text\">Inscription<\/span>\n\t\t\t\t\t<\/span>\n\t\t\t\t\t<\/a>\n\t\t\t\t<\/div>\n\t\t\t\t\t\t\t\t<\/div>\n\t\t\t\t<\/div>\n\t\t\t\t<\/div>\n\t\t\t\t\t<\/div>\n\t\t<\/div>\n\t\t\t\t\t\t<\/div>\n\t\t\t\t<\/div>\n\t\t\t\t\t<\/div>\n\t\t\t\t<\/div>\n\t\t\t\t<\/div>\n\t\t","protected":false},"excerpt":{"rendered":"<p>En compl\u00e9ment du tome 1, ce deuxi\u00e8me tome est destin\u00e9 \u00e0 tous ceux qui sont concern\u00e9s par des projets d&rsquo;accompagnement dans le cheminement du deuil.<\/p>\n","protected":false},"author":1,"featured_media":1155,"comment_status":"closed","ping_status":"open","sticky":false,"template":"","format":"standard","meta":{"footnotes":""},"categories":[10],"tags":[],"class_list":["post-1171","post","type-post","status-publish","format-standard","has-post-thumbnail","hentry","category-livre"],"yoast_head":"<!-- This site is optimized with the Yoast SEO plugin v27.2 - https:\/\/yoast.com\/product\/yoast-seo-wordpress\/ -->\n<title>Livre tome 2 Sur le chemin du deuil<\/title>\n<meta name=\"description\" content=\"Tome 2 Sur le chemin du deuil, Livre de Genevi\u00e8ve Manent pour tout personne d\u00e9sireuse d&#039;appr\u00e9hender la question de l&#039;accompagnement au deuil.\" \/>\n<meta name=\"robots\" content=\"index, follow, max-snippet:-1, max-image-preview:large, max-video-preview:-1\" \/>\n<link rel=\"canonical\" href=\"https:\/\/chemins-de-deuil.fr\/index.php\/2025\/05\/09\/livre-sur-le-chemin-du-deuil-tome-2\/\" \/>\n<meta property=\"og:locale\" content=\"fr_FR\" \/>\n<meta property=\"og:type\" content=\"article\" \/>\n<meta property=\"og:title\" content=\"Livre tome 2 Sur le chemin du deuil\" \/>\n<meta property=\"og:description\" content=\"Tome 2 Sur le chemin du deuil, Livre de Genevi\u00e8ve Manent pour tout personne d\u00e9sireuse d&#039;appr\u00e9hender la question de l&#039;accompagnement au deuil.\" \/>\n<meta property=\"og:url\" content=\"https:\/\/chemins-de-deuil.fr\/index.php\/2025\/05\/09\/livre-sur-le-chemin-du-deuil-tome-2\/\" \/>\n<meta property=\"og:site_name\" content=\"Chemins de deuil, du corps \u00e0 l&#039;\u00eatre\" \/>\n<meta property=\"article:publisher\" content=\"https:\/\/www.facebook.com\/cheminsdedeuil\" \/>\n<meta property=\"article:published_time\" content=\"2025-05-09T11:04:13+00:00\" \/>\n<meta property=\"article:modified_time\" content=\"2025-05-19T13:17:21+00:00\" \/>\n<meta property=\"og:image\" content=\"https:\/\/chemins-de-deuil.fr\/wp-content\/uploads\/2025\/05\/COUV-TOME-1-et-2.jpg\" \/>\n\t<meta property=\"og:image:width\" content=\"1006\" \/>\n\t<meta property=\"og:image:height\" content=\"680\" \/>\n\t<meta property=\"og:image:type\" content=\"image\/jpeg\" \/>\n<meta name=\"author\" content=\"admin6326\" \/>\n<meta name=\"twitter:card\" content=\"summary_large_image\" \/>\n<meta name=\"twitter:label1\" content=\"\u00c9crit par\" \/>\n\t<meta name=\"twitter:data1\" content=\"admin6326\" \/>\n\t<meta name=\"twitter:label2\" content=\"Dur\u00e9e de lecture estim\u00e9e\" \/>\n\t<meta name=\"twitter:data2\" content=\"3 minutes\" \/>\n<script type=\"application\/ld+json\" class=\"yoast-schema-graph\">{\"@context\":\"https:\/\/schema.org\",\"@graph\":[{\"@type\":\"Article\",\"@id\":\"https:\/\/chemins-de-deuil.fr\/index.php\/2025\/05\/09\/livre-sur-le-chemin-du-deuil-tome-2\/#article\",\"isPartOf\":{\"@id\":\"https:\/\/chemins-de-deuil.fr\/index.php\/2025\/05\/09\/livre-sur-le-chemin-du-deuil-tome-2\/\"},\"author\":{\"name\":\"admin6326\",\"@id\":\"https:\/\/chemins-de-deuil.fr\/#\/schema\/person\/ca1793b867dcafd53ad0443ba700cd75\"},\"headline\":\"Sur le chemin du deuil &#8211; Tome 2\",\"datePublished\":\"2025-05-09T11:04:13+00:00\",\"dateModified\":\"2025-05-19T13:17:21+00:00\",\"mainEntityOfPage\":{\"@id\":\"https:\/\/chemins-de-deuil.fr\/index.php\/2025\/05\/09\/livre-sur-le-chemin-du-deuil-tome-2\/\"},\"wordCount\":374,\"publisher\":{\"@id\":\"https:\/\/chemins-de-deuil.fr\/#organization\"},\"image\":{\"@id\":\"https:\/\/chemins-de-deuil.fr\/index.php\/2025\/05\/09\/livre-sur-le-chemin-du-deuil-tome-2\/#primaryimage\"},\"thumbnailUrl\":\"https:\/\/chemins-de-deuil.fr\/wp-content\/uploads\/2025\/05\/COUV-TOME-1-et-2.jpg\",\"articleSection\":[\"Livre\"],\"inLanguage\":\"fr-FR\"},{\"@type\":\"WebPage\",\"@id\":\"https:\/\/chemins-de-deuil.fr\/index.php\/2025\/05\/09\/livre-sur-le-chemin-du-deuil-tome-2\/\",\"url\":\"https:\/\/chemins-de-deuil.fr\/index.php\/2025\/05\/09\/livre-sur-le-chemin-du-deuil-tome-2\/\",\"name\":\"Livre tome 2 Sur le chemin du deuil\",\"isPartOf\":{\"@id\":\"https:\/\/chemins-de-deuil.fr\/#website\"},\"primaryImageOfPage\":{\"@id\":\"https:\/\/chemins-de-deuil.fr\/index.php\/2025\/05\/09\/livre-sur-le-chemin-du-deuil-tome-2\/#primaryimage\"},\"image\":{\"@id\":\"https:\/\/chemins-de-deuil.fr\/index.php\/2025\/05\/09\/livre-sur-le-chemin-du-deuil-tome-2\/#primaryimage\"},\"thumbnailUrl\":\"https:\/\/chemins-de-deuil.fr\/wp-content\/uploads\/2025\/05\/COUV-TOME-1-et-2.jpg\",\"datePublished\":\"2025-05-09T11:04:13+00:00\",\"dateModified\":\"2025-05-19T13:17:21+00:00\",\"description\":\"Tome 2 Sur le chemin du deuil, Livre de Genevi\u00e8ve Manent pour tout personne d\u00e9sireuse d'appr\u00e9hender la question de l'accompagnement au deuil.\",\"breadcrumb\":{\"@id\":\"https:\/\/chemins-de-deuil.fr\/index.php\/2025\/05\/09\/livre-sur-le-chemin-du-deuil-tome-2\/#breadcrumb\"},\"inLanguage\":\"fr-FR\",\"potentialAction\":[{\"@type\":\"ReadAction\",\"target\":[\"https:\/\/chemins-de-deuil.fr\/index.php\/2025\/05\/09\/livre-sur-le-chemin-du-deuil-tome-2\/\"]}]},{\"@type\":\"ImageObject\",\"inLanguage\":\"fr-FR\",\"@id\":\"https:\/\/chemins-de-deuil.fr\/index.php\/2025\/05\/09\/livre-sur-le-chemin-du-deuil-tome-2\/#primaryimage\",\"url\":\"https:\/\/chemins-de-deuil.fr\/wp-content\/uploads\/2025\/05\/COUV-TOME-1-et-2.jpg\",\"contentUrl\":\"https:\/\/chemins-de-deuil.fr\/wp-content\/uploads\/2025\/05\/COUV-TOME-1-et-2.jpg\",\"width\":1006,\"height\":680,\"caption\":\"Livre-sur-le-chemin-du-deuil-Genevi\u00e8ve-Manent\"},{\"@type\":\"BreadcrumbList\",\"@id\":\"https:\/\/chemins-de-deuil.fr\/index.php\/2025\/05\/09\/livre-sur-le-chemin-du-deuil-tome-2\/#breadcrumb\",\"itemListElement\":[{\"@type\":\"ListItem\",\"position\":1,\"name\":\"Accueil\",\"item\":\"https:\/\/chemins-de-deuil.fr\/\"},{\"@type\":\"ListItem\",\"position\":2,\"name\":\"Sur le chemin du deuil &#8211; Tome 2\"}]},{\"@type\":\"WebSite\",\"@id\":\"https:\/\/chemins-de-deuil.fr\/#website\",\"url\":\"https:\/\/chemins-de-deuil.fr\/\",\"name\":\"Chemins de deuil, du corps \u00e0 l'\u00eatre\",\"description\":\"Sur le chemin du deuil, accompagner la vie\",\"publisher\":{\"@id\":\"https:\/\/chemins-de-deuil.fr\/#organization\"},\"potentialAction\":[{\"@type\":\"SearchAction\",\"target\":{\"@type\":\"EntryPoint\",\"urlTemplate\":\"https:\/\/chemins-de-deuil.fr\/?s={search_term_string}\"},\"query-input\":{\"@type\":\"PropertyValueSpecification\",\"valueRequired\":true,\"valueName\":\"search_term_string\"}}],\"inLanguage\":\"fr-FR\"},{\"@type\":\"Organization\",\"@id\":\"https:\/\/chemins-de-deuil.fr\/#organization\",\"name\":\"Chemins de deuil, du corps \u00e0 l'\u00eatre\",\"url\":\"https:\/\/chemins-de-deuil.fr\/\",\"logo\":{\"@type\":\"ImageObject\",\"inLanguage\":\"fr-FR\",\"@id\":\"https:\/\/chemins-de-deuil.fr\/#\/schema\/logo\/image\/\",\"url\":\"https:\/\/chemins-de-deuil.fr\/wp-content\/uploads\/2025\/04\/cropped-logoCDD.png\",\"contentUrl\":\"https:\/\/chemins-de-deuil.fr\/wp-content\/uploads\/2025\/04\/cropped-logoCDD.png\",\"width\":923,\"height\":492,\"caption\":\"Chemins de deuil, du corps \u00e0 l'\u00eatre\"},\"image\":{\"@id\":\"https:\/\/chemins-de-deuil.fr\/#\/schema\/logo\/image\/\"},\"sameAs\":[\"https:\/\/www.facebook.com\/cheminsdedeuil\"]},{\"@type\":\"Person\",\"@id\":\"https:\/\/chemins-de-deuil.fr\/#\/schema\/person\/ca1793b867dcafd53ad0443ba700cd75\",\"name\":\"admin6326\",\"image\":{\"@type\":\"ImageObject\",\"inLanguage\":\"fr-FR\",\"@id\":\"https:\/\/secure.gravatar.com\/avatar\/22a5ec7c050d9f9165302ddb75244215e8d231ec831249b4afb3dd0283f69529?s=96&d=mm&r=g\",\"url\":\"https:\/\/secure.gravatar.com\/avatar\/22a5ec7c050d9f9165302ddb75244215e8d231ec831249b4afb3dd0283f69529?s=96&d=mm&r=g\",\"contentUrl\":\"https:\/\/secure.gravatar.com\/avatar\/22a5ec7c050d9f9165302ddb75244215e8d231ec831249b4afb3dd0283f69529?s=96&d=mm&r=g\",\"caption\":\"admin6326\"},\"sameAs\":[\"http:\/\/omugubq.cluster021.hosting.ovh.net\"],\"url\":\"https:\/\/chemins-de-deuil.fr\/index.php\/author\/admin6326\/\"}]}<\/script>\n<!-- \/ Yoast SEO plugin. -->","yoast_head_json":{"title":"Livre tome 2 Sur le chemin du deuil","description":"Tome 2 Sur le chemin du deuil, Livre de Genevi\u00e8ve Manent pour tout personne d\u00e9sireuse d'appr\u00e9hender la question de l'accompagnement au deuil.","robots":{"index":"index","follow":"follow","max-snippet":"max-snippet:-1","max-image-preview":"max-image-preview:large","max-video-preview":"max-video-preview:-1"},"canonical":"https:\/\/chemins-de-deuil.fr\/index.php\/2025\/05\/09\/livre-sur-le-chemin-du-deuil-tome-2\/","og_locale":"fr_FR","og_type":"article","og_title":"Livre tome 2 Sur le chemin du deuil","og_description":"Tome 2 Sur le chemin du deuil, Livre de Genevi\u00e8ve Manent pour tout personne d\u00e9sireuse d'appr\u00e9hender la question de l'accompagnement au deuil.","og_url":"https:\/\/chemins-de-deuil.fr\/index.php\/2025\/05\/09\/livre-sur-le-chemin-du-deuil-tome-2\/","og_site_name":"Chemins de deuil, du corps \u00e0 l&#039;\u00eatre","article_publisher":"https:\/\/www.facebook.com\/cheminsdedeuil","article_published_time":"2025-05-09T11:04:13+00:00","article_modified_time":"2025-05-19T13:17:21+00:00","og_image":[{"width":1006,"height":680,"url":"https:\/\/chemins-de-deuil.fr\/wp-content\/uploads\/2025\/05\/COUV-TOME-1-et-2.jpg","type":"image\/jpeg"}],"author":"admin6326","twitter_card":"summary_large_image","twitter_misc":{"\u00c9crit par":"admin6326","Dur\u00e9e de lecture estim\u00e9e":"3 minutes"},"schema":{"@context":"https:\/\/schema.org","@graph":[{"@type":"Article","@id":"https:\/\/chemins-de-deuil.fr\/index.php\/2025\/05\/09\/livre-sur-le-chemin-du-deuil-tome-2\/#article","isPartOf":{"@id":"https:\/\/chemins-de-deuil.fr\/index.php\/2025\/05\/09\/livre-sur-le-chemin-du-deuil-tome-2\/"},"author":{"name":"admin6326","@id":"https:\/\/chemins-de-deuil.fr\/#\/schema\/person\/ca1793b867dcafd53ad0443ba700cd75"},"headline":"Sur le chemin du deuil &#8211; Tome 2","datePublished":"2025-05-09T11:04:13+00:00","dateModified":"2025-05-19T13:17:21+00:00","mainEntityOfPage":{"@id":"https:\/\/chemins-de-deuil.fr\/index.php\/2025\/05\/09\/livre-sur-le-chemin-du-deuil-tome-2\/"},"wordCount":374,"publisher":{"@id":"https:\/\/chemins-de-deuil.fr\/#organization"},"image":{"@id":"https:\/\/chemins-de-deuil.fr\/index.php\/2025\/05\/09\/livre-sur-le-chemin-du-deuil-tome-2\/#primaryimage"},"thumbnailUrl":"https:\/\/chemins-de-deuil.fr\/wp-content\/uploads\/2025\/05\/COUV-TOME-1-et-2.jpg","articleSection":["Livre"],"inLanguage":"fr-FR"},{"@type":"WebPage","@id":"https:\/\/chemins-de-deuil.fr\/index.php\/2025\/05\/09\/livre-sur-le-chemin-du-deuil-tome-2\/","url":"https:\/\/chemins-de-deuil.fr\/index.php\/2025\/05\/09\/livre-sur-le-chemin-du-deuil-tome-2\/","name":"Livre tome 2 Sur le chemin du deuil","isPartOf":{"@id":"https:\/\/chemins-de-deuil.fr\/#website"},"primaryImageOfPage":{"@id":"https:\/\/chemins-de-deuil.fr\/index.php\/2025\/05\/09\/livre-sur-le-chemin-du-deuil-tome-2\/#primaryimage"},"image":{"@id":"https:\/\/chemins-de-deuil.fr\/index.php\/2025\/05\/09\/livre-sur-le-chemin-du-deuil-tome-2\/#primaryimage"},"thumbnailUrl":"https:\/\/chemins-de-deuil.fr\/wp-content\/uploads\/2025\/05\/COUV-TOME-1-et-2.jpg","datePublished":"2025-05-09T11:04:13+00:00","dateModified":"2025-05-19T13:17:21+00:00","description":"Tome 2 Sur le chemin du deuil, Livre de Genevi\u00e8ve Manent pour tout personne d\u00e9sireuse d'appr\u00e9hender la question de l'accompagnement au deuil.","breadcrumb":{"@id":"https:\/\/chemins-de-deuil.fr\/index.php\/2025\/05\/09\/livre-sur-le-chemin-du-deuil-tome-2\/#breadcrumb"},"inLanguage":"fr-FR","potentialAction":[{"@type":"ReadAction","target":["https:\/\/chemins-de-deuil.fr\/index.php\/2025\/05\/09\/livre-sur-le-chemin-du-deuil-tome-2\/"]}]},{"@type":"ImageObject","inLanguage":"fr-FR","@id":"https:\/\/chemins-de-deuil.fr\/index.php\/2025\/05\/09\/livre-sur-le-chemin-du-deuil-tome-2\/#primaryimage","url":"https:\/\/chemins-de-deuil.fr\/wp-content\/uploads\/2025\/05\/COUV-TOME-1-et-2.jpg","contentUrl":"https:\/\/chemins-de-deuil.fr\/wp-content\/uploads\/2025\/05\/COUV-TOME-1-et-2.jpg","width":1006,"height":680,"caption":"Livre-sur-le-chemin-du-deuil-Genevi\u00e8ve-Manent"},{"@type":"BreadcrumbList","@id":"https:\/\/chemins-de-deuil.fr\/index.php\/2025\/05\/09\/livre-sur-le-chemin-du-deuil-tome-2\/#breadcrumb","itemListElement":[{"@type":"ListItem","position":1,"name":"Accueil","item":"https:\/\/chemins-de-deuil.fr\/"},{"@type":"ListItem","position":2,"name":"Sur le chemin du deuil &#8211; Tome 2"}]},{"@type":"WebSite","@id":"https:\/\/chemins-de-deuil.fr\/#website","url":"https:\/\/chemins-de-deuil.fr\/","name":"Chemins de deuil, du corps \u00e0 l'\u00eatre","description":"Sur le chemin du deuil, accompagner la vie","publisher":{"@id":"https:\/\/chemins-de-deuil.fr\/#organization"},"potentialAction":[{"@type":"SearchAction","target":{"@type":"EntryPoint","urlTemplate":"https:\/\/chemins-de-deuil.fr\/?s={search_term_string}"},"query-input":{"@type":"PropertyValueSpecification","valueRequired":true,"valueName":"search_term_string"}}],"inLanguage":"fr-FR"},{"@type":"Organization","@id":"https:\/\/chemins-de-deuil.fr\/#organization","name":"Chemins de deuil, du corps \u00e0 l'\u00eatre","url":"https:\/\/chemins-de-deuil.fr\/","logo":{"@type":"ImageObject","inLanguage":"fr-FR","@id":"https:\/\/chemins-de-deuil.fr\/#\/schema\/logo\/image\/","url":"https:\/\/chemins-de-deuil.fr\/wp-content\/uploads\/2025\/04\/cropped-logoCDD.png","contentUrl":"https:\/\/chemins-de-deuil.fr\/wp-content\/uploads\/2025\/04\/cropped-logoCDD.png","width":923,"height":492,"caption":"Chemins de deuil, du corps \u00e0 l'\u00eatre"},"image":{"@id":"https:\/\/chemins-de-deuil.fr\/#\/schema\/logo\/image\/"},"sameAs":["https:\/\/www.facebook.com\/cheminsdedeuil"]},{"@type":"Person","@id":"https:\/\/chemins-de-deuil.fr\/#\/schema\/person\/ca1793b867dcafd53ad0443ba700cd75","name":"admin6326","image":{"@type":"ImageObject","inLanguage":"fr-FR","@id":"https:\/\/secure.gravatar.com\/avatar\/22a5ec7c050d9f9165302ddb75244215e8d231ec831249b4afb3dd0283f69529?s=96&d=mm&r=g","url":"https:\/\/secure.gravatar.com\/avatar\/22a5ec7c050d9f9165302ddb75244215e8d231ec831249b4afb3dd0283f69529?s=96&d=mm&r=g","contentUrl":"https:\/\/secure.gravatar.com\/avatar\/22a5ec7c050d9f9165302ddb75244215e8d231ec831249b4afb3dd0283f69529?s=96&d=mm&r=g","caption":"admin6326"},"sameAs":["http:\/\/omugubq.cluster021.hosting.ovh.net"],"url":"https:\/\/chemins-de-deuil.fr\/index.php\/author\/admin6326\/"}]}},"_links":{"self":[{"href":"https:\/\/chemins-de-deuil.fr\/index.php\/wp-json\/wp\/v2\/posts\/1171","targetHints":{"allow":["GET"]}}],"collection":[{"href":"https:\/\/chemins-de-deuil.fr\/index.php\/wp-json\/wp\/v2\/posts"}],"about":[{"href":"https:\/\/chemins-de-deuil.fr\/index.php\/wp-json\/wp\/v2\/types\/post"}],"author":[{"embeddable":true,"href":"https:\/\/chemins-de-deuil.fr\/index.php\/wp-json\/wp\/v2\/users\/1"}],"replies":[{"embeddable":true,"href":"https:\/\/chemins-de-deuil.fr\/index.php\/wp-json\/wp\/v2\/comments?post=1171"}],"version-history":[{"count":19,"href":"https:\/\/chemins-de-deuil.fr\/index.php\/wp-json\/wp\/v2\/posts\/1171\/revisions"}],"predecessor-version":[{"id":1434,"href":"https:\/\/chemins-de-deuil.fr\/index.php\/wp-json\/wp\/v2\/posts\/1171\/revisions\/1434"}],"wp:featuredmedia":[{"embeddable":true,"href":"https:\/\/chemins-de-deuil.fr\/index.php\/wp-json\/wp\/v2\/media\/1155"}],"wp:attachment":[{"href":"https:\/\/chemins-de-deuil.fr\/index.php\/wp-json\/wp\/v2\/media?parent=1171"}],"wp:term":[{"taxonomy":"category","embeddable":true,"href":"https:\/\/chemins-de-deuil.fr\/index.php\/wp-json\/wp\/v2\/categories?post=1171"},{"taxonomy":"post_tag","embeddable":true,"href":"https:\/\/chemins-de-deuil.fr\/index.php\/wp-json\/wp\/v2\/tags?post=1171"}],"curies":[{"name":"wp","href":"https:\/\/api.w.org\/{rel}","templated":true}]}}