{"id":1189,"date":"2025-05-09T13:20:00","date_gmt":"2025-05-09T11:20:00","guid":{"rendered":"https:\/\/chemins-de-deuil.fr\/?p=1189"},"modified":"2025-05-19T15:17:01","modified_gmt":"2025-05-19T13:17:01","slug":"sur-le-chemin-du-deuil-presentation","status":"publish","type":"post","link":"https:\/\/chemins-de-deuil.fr\/index.php\/2025\/05\/09\/sur-le-chemin-du-deuil-presentation\/","title":{"rendered":"Sur le Chemin du deuil &#8211; Pr\u00e9sentation"},"content":{"rendered":"\t\t<div data-elementor-type=\"wp-post\" data-elementor-id=\"1189\" class=\"elementor elementor-1189\">\n\t\t\t\t\t\t<section class=\"elementor-section elementor-top-section elementor-element elementor-element-12741eed elementor-section-boxed elementor-section-height-default elementor-section-height-default\" data-id=\"12741eed\" data-element_type=\"section\" data-e-type=\"section\" data-settings=\"{&quot;background_background&quot;:&quot;classic&quot;,&quot;shape_divider_bottom&quot;:&quot;curve&quot;,&quot;shape_divider_bottom_negative&quot;:&quot;yes&quot;}\">\n\t\t\t\t\t\t\t<div class=\"elementor-background-overlay\"><\/div>\n\t\t\t\t\t\t<div class=\"elementor-shape elementor-shape-bottom\" aria-hidden=\"true\" data-negative=\"true\">\n\t\t\t<svg xmlns=\"http:\/\/www.w3.org\/2000\/svg\" viewBox=\"0 0 1000 100\" preserveAspectRatio=\"none\">\n\t<path class=\"elementor-shape-fill\" d=\"M500,97C126.7,96.3,0.8,19.8,0,0v100l1000,0V1C1000,19.4,873.3,97.8,500,97z\"\/>\n<\/svg>\t\t<\/div>\n\t\t\t\t\t<div class=\"elementor-container elementor-column-gap-default\">\n\t\t\t\t\t<div class=\"elementor-column elementor-col-100 elementor-top-column elementor-element elementor-element-363de73b\" data-id=\"363de73b\" data-element_type=\"column\" data-e-type=\"column\">\n\t\t\t<div class=\"elementor-widget-wrap elementor-element-populated\">\n\t\t\t\t\t\t<div class=\"elementor-element elementor-element-329f9726 elementor-widget elementor-widget-heading\" data-id=\"329f9726\" data-element_type=\"widget\" data-e-type=\"widget\" data-widget_type=\"heading.default\">\n\t\t\t\t<div class=\"elementor-widget-container\">\n\t\t\t\t\t<h1 class=\"elementor-heading-title elementor-size-xl\">Sur le chemin du deuil...<\/h1>\t\t\t\t<\/div>\n\t\t\t\t<\/div>\n\t\t\t\t<section class=\"elementor-section elementor-inner-section elementor-element elementor-element-1ee38104 elementor-section-boxed elementor-section-height-default elementor-section-height-default\" data-id=\"1ee38104\" data-element_type=\"section\" data-e-type=\"section\">\n\t\t\t\t\t\t<div class=\"elementor-container elementor-column-gap-default\">\n\t\t\t\t\t<div class=\"elementor-column elementor-col-50 elementor-inner-column elementor-element elementor-element-39f66174\" data-id=\"39f66174\" data-element_type=\"column\" data-e-type=\"column\">\n\t\t\t<div class=\"elementor-widget-wrap elementor-element-populated\">\n\t\t\t\t\t\t<div class=\"elementor-element elementor-element-4ccadde5 elementor-mobile-align-center elementor-align-right elementor-widget elementor-widget-button\" data-id=\"4ccadde5\" data-element_type=\"widget\" data-e-type=\"widget\" data-widget_type=\"button.default\">\n\t\t\t\t<div class=\"elementor-widget-container\">\n\t\t\t\t\t\t\t\t\t<div class=\"elementor-button-wrapper\">\n\t\t\t\t\t<a class=\"elementor-button elementor-button-link elementor-size-sm\" href=\"\">\n\t\t\t\t\t\t<span class=\"elementor-button-content-wrapper\">\n\t\t\t\t\t\t\t\t\t<span class=\"elementor-button-text\">Nos actions<\/span>\n\t\t\t\t\t<\/span>\n\t\t\t\t\t<\/a>\n\t\t\t\t<\/div>\n\t\t\t\t\t\t\t\t<\/div>\n\t\t\t\t<\/div>\n\t\t\t\t\t<\/div>\n\t\t<\/div>\n\t\t\t\t<div class=\"elementor-column elementor-col-50 elementor-inner-column elementor-element elementor-element-11973b37\" data-id=\"11973b37\" data-element_type=\"column\" data-e-type=\"column\">\n\t\t\t<div class=\"elementor-widget-wrap elementor-element-populated\">\n\t\t\t\t\t\t<div class=\"elementor-element elementor-element-2f71e347 elementor-mobile-align-center elementor-widget elementor-widget-button\" data-id=\"2f71e347\" data-element_type=\"widget\" data-e-type=\"widget\" data-widget_type=\"button.default\">\n\t\t\t\t<div class=\"elementor-widget-container\">\n\t\t\t\t\t\t\t\t\t<div class=\"elementor-button-wrapper\">\n\t\t\t\t\t<a class=\"elementor-button elementor-button-link elementor-size-sm\" href=\"\">\n\t\t\t\t\t\t<span class=\"elementor-button-content-wrapper\">\n\t\t\t\t\t\t\t\t\t<span class=\"elementor-button-text\">Nos accompagnements<\/span>\n\t\t\t\t\t<\/span>\n\t\t\t\t\t<\/a>\n\t\t\t\t<\/div>\n\t\t\t\t\t\t\t\t<\/div>\n\t\t\t\t<\/div>\n\t\t\t\t\t<\/div>\n\t\t<\/div>\n\t\t\t\t\t<\/div>\n\t\t<\/section>\n\t\t\t\t<div class=\"elementor-element elementor-element-479e02bf elementor-widget elementor-widget-text-editor\" data-id=\"479e02bf\" data-element_type=\"widget\" data-e-type=\"widget\" data-widget_type=\"text-editor.default\">\n\t\t\t\t<div class=\"elementor-widget-container\">\n\t\t\t\t\t\t\t\t\t<p>Interview de Genevi\u00e8ve Manent \u00ab\u00a0Sur le chemin du deuil&#8230; Tome 1\u00a0\u00bb par EditionsEdilivres<\/p>\t\t\t\t\t\t\t\t<\/div>\n\t\t\t\t<\/div>\n\t\t\t\t<div class=\"elementor-element elementor-element-1e3272ef elementor-widget elementor-widget-video\" data-id=\"1e3272ef\" data-element_type=\"widget\" data-e-type=\"widget\" data-settings=\"{&quot;youtube_url&quot;:&quot;https:\\\/\\\/www.youtube.com\\\/watch?v=s-cdaqlbcso&quot;,&quot;video_type&quot;:&quot;youtube&quot;,&quot;controls&quot;:&quot;yes&quot;}\" data-widget_type=\"video.default\">\n\t\t\t\t<div class=\"elementor-widget-container\">\n\t\t\t\t\t\t\t<div class=\"elementor-wrapper elementor-open-inline\">\n\t\t\t<div class=\"elementor-video\"><\/div>\t\t<\/div>\n\t\t\t\t\t\t<\/div>\n\t\t\t\t<\/div>\n\t\t\t\t\t<\/div>\n\t\t<\/div>\n\t\t\t\t\t<\/div>\n\t\t<\/section>\n\t\t\t\t<section class=\"elementor-section elementor-top-section elementor-element elementor-element-4d3b1efb elementor-section-boxed elementor-section-height-default elementor-section-height-default\" data-id=\"4d3b1efb\" data-element_type=\"section\" data-e-type=\"section\">\n\t\t\t\t\t\t<div class=\"elementor-container elementor-column-gap-default\">\n\t\t\t\t\t<div class=\"elementor-column elementor-col-100 elementor-top-column elementor-element elementor-element-3dec1d69\" data-id=\"3dec1d69\" data-element_type=\"column\" data-e-type=\"column\">\n\t\t\t<div class=\"elementor-widget-wrap\">\n\t\t\t\t\t\t\t<\/div>\n\t\t<\/div>\n\t\t\t\t\t<\/div>\n\t\t<\/section>\n\t\t<div class=\"elementor-element elementor-element-1415df5a animated-slow e-flex e-con-boxed elementor-invisible e-con e-parent\" data-id=\"1415df5a\" data-element_type=\"container\" data-e-type=\"container\" data-settings=\"{&quot;background_background&quot;:&quot;classic&quot;,&quot;animation&quot;:&quot;fadeInRight&quot;}\">\n\t\t\t\t\t<div class=\"e-con-inner\">\n\t\t\t\t<div class=\"elementor-element elementor-element-7a9671b2 elementor-widget elementor-widget-heading\" data-id=\"7a9671b2\" data-element_type=\"widget\" data-e-type=\"widget\" data-widget_type=\"heading.default\">\n\t\t\t\t<div class=\"elementor-widget-container\">\n\t\t\t\t\t<h2 class=\"elementor-heading-title elementor-size-default\"><span class=\"OYPEnA font-feature-liga-off font-feature-clig-off font-feature-calt-off text-decoration-none text-strikethrough-none\">Les prochaines sessions de formation<\/span><\/h2>\t\t\t\t<\/div>\n\t\t\t\t<\/div>\n\t\t\t\t<div class=\"elementor-element elementor-element-3eb50f14 elementor-widget elementor-widget-text-editor\" data-id=\"3eb50f14\" data-element_type=\"widget\" data-e-type=\"widget\" data-widget_type=\"text-editor.default\">\n\t\t\t\t<div class=\"elementor-widget-container\">\n\t\t\t\t\t\t\t\t\t<p><span class=\"OYPEnA font-feature-liga-off font-feature-clig-off font-feature-calt-off text-decoration-none text-strikethrough-none\">En partenariat avec ADAL, organisme de formation professionnelle<\/span>.<\/p>\t\t\t\t\t\t\t\t<\/div>\n\t\t\t\t<\/div>\n\t\t\t\t<div class=\"elementor-element elementor-element-183b6c7 e-n-tabs-mobile elementor-widget elementor-widget-n-tabs\" data-id=\"183b6c7\" data-element_type=\"widget\" data-e-type=\"widget\" data-widget_type=\"nested-tabs.default\">\n\t\t\t\t<div class=\"elementor-widget-container\">\n\t\t\t\t\t\t\t<div class=\"e-n-tabs\" data-widget-number=\"25409223\" aria-label=\"Onglets. Ouvrez des \u00e9l\u00e9ments avec Entrer ou Espace, fermez-les avec Echape et naviguez \u00e0 l&#039;aide des touches fl\u00e9ch\u00e9es.\">\n\t\t\t<div class=\"e-n-tabs-heading\" role=\"tablist\">\n\t\t\t\t\t<button id=\"e-n-tab-title-254092231\" data-tab-title-id=\"e-n-tab-title-254092231\" class=\"e-n-tab-title\" aria-selected=\"true\" data-tab-index=\"1\" role=\"tab\" tabindex=\"0\" aria-controls=\"e-n-tab-content-254092231\" style=\"--n-tabs-title-order: 1;\">\n\t\t\t\t\t\t<span class=\"e-n-tab-title-text\">\n\t\t\t\tModule 1\t\t\t<\/span>\n\t\t<\/button>\n\t\t\t\t<button id=\"e-n-tab-title-254092232\" data-tab-title-id=\"e-n-tab-title-254092232\" class=\"e-n-tab-title\" aria-selected=\"false\" data-tab-index=\"2\" role=\"tab\" tabindex=\"-1\" aria-controls=\"e-n-tab-content-254092232\" style=\"--n-tabs-title-order: 2;\">\n\t\t\t\t\t\t<span class=\"e-n-tab-title-text\">\n\t\t\t\tModule 2\t\t\t<\/span>\n\t\t<\/button>\n\t\t\t\t<button id=\"e-n-tab-title-254092233\" data-tab-title-id=\"e-n-tab-title-254092233\" class=\"e-n-tab-title\" aria-selected=\"false\" data-tab-index=\"3\" role=\"tab\" tabindex=\"-1\" aria-controls=\"e-n-tab-content-254092233\" style=\"--n-tabs-title-order: 3;\">\n\t\t\t\t\t\t<span class=\"e-n-tab-title-text\">\n\t\t\t\tModule 3\t\t\t<\/span>\n\t\t<\/button>\n\t\t\t\t\t<\/div>\n\t\t\t<div class=\"e-n-tabs-content\">\n\t\t\t\t<div id=\"e-n-tab-content-254092231\" role=\"tabpanel\" aria-labelledby=\"e-n-tab-title-254092231\" data-tab-index=\"1\" style=\"--n-tabs-title-order: 1;\" class=\"e-active elementor-element elementor-element-75a2b872 e-con-full e-flex e-con e-child\" data-id=\"75a2b872\" data-element_type=\"container\" data-e-type=\"container\">\n\t\t\t\t<div class=\"elementor-element elementor-element-382c2b48 elementor-widget elementor-widget-text-editor\" data-id=\"382c2b48\" data-element_type=\"widget\" data-e-type=\"widget\" data-widget_type=\"text-editor.default\">\n\t\t\t\t<div class=\"elementor-widget-container\">\n\t\t\t\t\t\t\t\t\t<p>Formation <strong>\u00ab\u00a0Accompagnement du deuil du corps \u00e0 l\u2019\u00eatre\u00a0\u00bb &#8211; Module 1<\/strong><\/p><p><strong>Du 3 au 5 octobre 2025, <\/strong>\u00e0 Paris.<\/p><p><em>Apprendre \u00e0 accompagner le processus de deuil en tenant compte des diff\u00e9rents niveaux de la personne\u2008: le corps, les \u00e9motions, la pens\u00e9e, le psychisme et l\u2019\u00eatre.<\/em><\/p>\t\t\t\t\t\t\t\t<\/div>\n\t\t\t\t<\/div>\n\t\t\t\t<div class=\"elementor-element elementor-element-21bce6a5 elementor-align-center elementor-widget elementor-widget-button\" data-id=\"21bce6a5\" data-element_type=\"widget\" data-e-type=\"widget\" data-widget_type=\"button.default\">\n\t\t\t\t<div class=\"elementor-widget-container\">\n\t\t\t\t\t\t\t\t\t<div class=\"elementor-button-wrapper\">\n\t\t\t\t\t<a class=\"elementor-button elementor-button-link elementor-size-sm\" href=\"http:\/\/omugubq.cluster021.hosting.ovh.net\/wp-content\/uploads\/2025\/04\/Formation_2025.pdf\" target=\"_blank\">\n\t\t\t\t\t\t<span class=\"elementor-button-content-wrapper\">\n\t\t\t\t\t\t\t\t\t<span class=\"elementor-button-text\">Inscription<\/span>\n\t\t\t\t\t<\/span>\n\t\t\t\t\t<\/a>\n\t\t\t\t<\/div>\n\t\t\t\t\t\t\t\t<\/div>\n\t\t\t\t<\/div>\n\t\t\t\t<\/div>\n\t\t<div id=\"e-n-tab-content-254092232\" role=\"tabpanel\" aria-labelledby=\"e-n-tab-title-254092232\" data-tab-index=\"2\" style=\"--n-tabs-title-order: 2;\" class=\" elementor-element elementor-element-26ec4f34 e-con-full e-flex e-con e-child\" data-id=\"26ec4f34\" data-element_type=\"container\" data-e-type=\"container\">\n\t\t\t\t<div class=\"elementor-element elementor-element-34858cba elementor-widget elementor-widget-text-editor\" data-id=\"34858cba\" data-element_type=\"widget\" data-e-type=\"widget\" data-widget_type=\"text-editor.default\">\n\t\t\t\t<div class=\"elementor-widget-container\">\n\t\t\t\t\t\t\t\t\t<p>Formation <strong>\u00ab\u00a0Accompagnement du deuil du corps \u00e0 l\u2019\u00eatre\u00a0\u00bb &#8211; Module 2<\/strong><\/p><p><strong>Du 21 au 23 novembre 2025<\/strong>, \u00e0 Paris.<\/p><p><span style=\"text-decoration: underline;\">Il est imp\u00e9ratif d&rsquo;avoir suivi le Module 1 de la formation pour pouvoir s&rsquo;inscrire au Module 2.<\/span><\/p>\t\t\t\t\t\t\t\t<\/div>\n\t\t\t\t<\/div>\n\t\t\t\t<div class=\"elementor-element elementor-element-4f65ae8d elementor-align-center elementor-widget elementor-widget-button\" data-id=\"4f65ae8d\" data-element_type=\"widget\" data-e-type=\"widget\" data-widget_type=\"button.default\">\n\t\t\t\t<div class=\"elementor-widget-container\">\n\t\t\t\t\t\t\t\t\t<div class=\"elementor-button-wrapper\">\n\t\t\t\t\t<a class=\"elementor-button elementor-button-link elementor-size-sm\" href=\"http:\/\/omugubq.cluster021.hosting.ovh.net\/wp-content\/uploads\/2025\/04\/Formation_2025.pdf\" target=\"_blank\">\n\t\t\t\t\t\t<span class=\"elementor-button-content-wrapper\">\n\t\t\t\t\t\t\t\t\t<span class=\"elementor-button-text\">Inscription<\/span>\n\t\t\t\t\t<\/span>\n\t\t\t\t\t<\/a>\n\t\t\t\t<\/div>\n\t\t\t\t\t\t\t\t<\/div>\n\t\t\t\t<\/div>\n\t\t\t\t<\/div>\n\t\t<div id=\"e-n-tab-content-254092233\" role=\"tabpanel\" aria-labelledby=\"e-n-tab-title-254092233\" data-tab-index=\"3\" style=\"--n-tabs-title-order: 3;\" class=\" elementor-element elementor-element-6b210f01 e-con-full e-flex e-con e-child\" data-id=\"6b210f01\" data-element_type=\"container\" data-e-type=\"container\">\n\t\t\t\t<div class=\"elementor-element elementor-element-432ecd82 elementor-widget elementor-widget-text-editor\" data-id=\"432ecd82\" data-element_type=\"widget\" data-e-type=\"widget\" data-widget_type=\"text-editor.default\">\n\t\t\t\t<div class=\"elementor-widget-container\">\n\t\t\t\t\t\t\t\t\t<p>Formation <strong>\u00ab\u00a0Accompagnement du deuil du corps \u00e0 l\u2019\u00eatre\u00a0\u00bb &#8211; Module 3<\/strong><\/p><p><strong>Du 12 au 14 d\u00e9cembre 2025<\/strong>, \u00e0 Paris.<\/p><p><span style=\"text-decoration: underline;\">Il est imp\u00e9ratif d&rsquo;avoir suivi le Module 2 de la formation pour pouvoir s&rsquo;inscrire au Module 3.<\/span><\/p>\t\t\t\t\t\t\t\t<\/div>\n\t\t\t\t<\/div>\n\t\t\t\t<div class=\"elementor-element elementor-element-12fc0bf1 elementor-align-center elementor-widget elementor-widget-button\" data-id=\"12fc0bf1\" data-element_type=\"widget\" data-e-type=\"widget\" data-widget_type=\"button.default\">\n\t\t\t\t<div class=\"elementor-widget-container\">\n\t\t\t\t\t\t\t\t\t<div class=\"elementor-button-wrapper\">\n\t\t\t\t\t<a class=\"elementor-button elementor-button-link elementor-size-sm\" href=\"http:\/\/omugubq.cluster021.hosting.ovh.net\/wp-content\/uploads\/2025\/04\/Formation_2025.pdf\" target=\"_blank\">\n\t\t\t\t\t\t<span class=\"elementor-button-content-wrapper\">\n\t\t\t\t\t\t\t\t\t<span class=\"elementor-button-text\">Inscription<\/span>\n\t\t\t\t\t<\/span>\n\t\t\t\t\t<\/a>\n\t\t\t\t<\/div>\n\t\t\t\t\t\t\t\t<\/div>\n\t\t\t\t<\/div>\n\t\t\t\t<\/div>\n\t\t\t\t\t<\/div>\n\t\t<\/div>\n\t\t\t\t\t\t<\/div>\n\t\t\t\t<\/div>\n\t\t\t\t\t<\/div>\n\t\t\t\t<\/div>\n\t\t\t\t<\/div>\n\t\t","protected":false},"excerpt":{"rendered":"<p>Interview de Genevi\u00e8ve Manent, sur son livre \u00ab\u00a0Sur le Chemin du deuil\u00a0\u00bb<\/p>\n","protected":false},"author":1,"featured_media":1194,"comment_status":"closed","ping_status":"open","sticky":false,"template":"","format":"standard","meta":{"footnotes":""},"categories":[11],"tags":[],"class_list":["post-1189","post","type-post","status-publish","format-standard","has-post-thumbnail","hentry","category-video"],"yoast_head":"<!-- This site is optimized with the Yoast SEO plugin v27.2 - https:\/\/yoast.com\/product\/yoast-seo-wordpress\/ -->\n<title>Pr\u00e9sentation Livre sur le chemin du deuil Genevi\u00e8ve Manent<\/title>\n<meta name=\"description\" content=\"Interview vid\u00e9o pour la pr\u00e9sentation du livre de Genevi\u00e8ve Manent, Sur le chemin du deuil tome 1, aux \u00e9ditons \u00c9dilivres\" \/>\n<meta name=\"robots\" content=\"index, follow, max-snippet:-1, max-image-preview:large, max-video-preview:-1\" \/>\n<link rel=\"canonical\" href=\"https:\/\/chemins-de-deuil.fr\/index.php\/2025\/05\/09\/sur-le-chemin-du-deuil-presentation\/\" \/>\n<meta property=\"og:locale\" content=\"fr_FR\" \/>\n<meta property=\"og:type\" content=\"article\" \/>\n<meta property=\"og:title\" content=\"Pr\u00e9sentation Livre sur le chemin du deuil Genevi\u00e8ve Manent\" \/>\n<meta property=\"og:description\" content=\"Interview vid\u00e9o pour la pr\u00e9sentation du livre de Genevi\u00e8ve Manent, Sur le chemin du deuil tome 1, aux \u00e9ditons \u00c9dilivres\" \/>\n<meta property=\"og:url\" content=\"https:\/\/chemins-de-deuil.fr\/index.php\/2025\/05\/09\/sur-le-chemin-du-deuil-presentation\/\" \/>\n<meta property=\"og:site_name\" content=\"Chemins de deuil, du corps \u00e0 l&#039;\u00eatre\" \/>\n<meta property=\"article:publisher\" content=\"https:\/\/www.facebook.com\/cheminsdedeuil\" \/>\n<meta property=\"article:published_time\" content=\"2025-05-09T11:20:00+00:00\" \/>\n<meta property=\"article:modified_time\" content=\"2025-05-19T13:17:01+00:00\" \/>\n<meta property=\"og:image\" content=\"https:\/\/chemins-de-deuil.fr\/wp-content\/uploads\/2025\/05\/visuel-Manent.png\" \/>\n\t<meta property=\"og:image:width\" content=\"921\" \/>\n\t<meta property=\"og:image:height\" content=\"620\" \/>\n\t<meta property=\"og:image:type\" content=\"image\/png\" \/>\n<meta name=\"author\" content=\"admin6326\" \/>\n<meta name=\"twitter:card\" content=\"summary_large_image\" \/>\n<meta name=\"twitter:label1\" content=\"\u00c9crit par\" \/>\n\t<meta name=\"twitter:data1\" content=\"admin6326\" \/>\n\t<meta name=\"twitter:label2\" content=\"Dur\u00e9e de lecture estim\u00e9e\" \/>\n\t<meta name=\"twitter:data2\" content=\"2 minutes\" \/>\n<script type=\"application\/ld+json\" class=\"yoast-schema-graph\">{\"@context\":\"https:\/\/schema.org\",\"@graph\":[{\"@type\":\"Article\",\"@id\":\"https:\/\/chemins-de-deuil.fr\/index.php\/2025\/05\/09\/sur-le-chemin-du-deuil-presentation\/#article\",\"isPartOf\":{\"@id\":\"https:\/\/chemins-de-deuil.fr\/index.php\/2025\/05\/09\/sur-le-chemin-du-deuil-presentation\/\"},\"author\":{\"name\":\"admin6326\",\"@id\":\"https:\/\/chemins-de-deuil.fr\/#\/schema\/person\/ca1793b867dcafd53ad0443ba700cd75\"},\"headline\":\"Sur le Chemin du deuil &#8211; Pr\u00e9sentation\",\"datePublished\":\"2025-05-09T11:20:00+00:00\",\"dateModified\":\"2025-05-19T13:17:01+00:00\",\"mainEntityOfPage\":{\"@id\":\"https:\/\/chemins-de-deuil.fr\/index.php\/2025\/05\/09\/sur-le-chemin-du-deuil-presentation\/\"},\"wordCount\":273,\"publisher\":{\"@id\":\"https:\/\/chemins-de-deuil.fr\/#organization\"},\"image\":{\"@id\":\"https:\/\/chemins-de-deuil.fr\/index.php\/2025\/05\/09\/sur-le-chemin-du-deuil-presentation\/#primaryimage\"},\"thumbnailUrl\":\"https:\/\/chemins-de-deuil.fr\/wp-content\/uploads\/2025\/05\/visuel-Manent.png\",\"articleSection\":[\"Vid\u00e9o\"],\"inLanguage\":\"fr-FR\"},{\"@type\":\"WebPage\",\"@id\":\"https:\/\/chemins-de-deuil.fr\/index.php\/2025\/05\/09\/sur-le-chemin-du-deuil-presentation\/\",\"url\":\"https:\/\/chemins-de-deuil.fr\/index.php\/2025\/05\/09\/sur-le-chemin-du-deuil-presentation\/\",\"name\":\"Pr\u00e9sentation Livre sur le chemin du deuil Genevi\u00e8ve Manent\",\"isPartOf\":{\"@id\":\"https:\/\/chemins-de-deuil.fr\/#website\"},\"primaryImageOfPage\":{\"@id\":\"https:\/\/chemins-de-deuil.fr\/index.php\/2025\/05\/09\/sur-le-chemin-du-deuil-presentation\/#primaryimage\"},\"image\":{\"@id\":\"https:\/\/chemins-de-deuil.fr\/index.php\/2025\/05\/09\/sur-le-chemin-du-deuil-presentation\/#primaryimage\"},\"thumbnailUrl\":\"https:\/\/chemins-de-deuil.fr\/wp-content\/uploads\/2025\/05\/visuel-Manent.png\",\"datePublished\":\"2025-05-09T11:20:00+00:00\",\"dateModified\":\"2025-05-19T13:17:01+00:00\",\"description\":\"Interview vid\u00e9o pour la pr\u00e9sentation du livre de Genevi\u00e8ve Manent, Sur le chemin du deuil tome 1, aux \u00e9ditons \u00c9dilivres\",\"breadcrumb\":{\"@id\":\"https:\/\/chemins-de-deuil.fr\/index.php\/2025\/05\/09\/sur-le-chemin-du-deuil-presentation\/#breadcrumb\"},\"inLanguage\":\"fr-FR\",\"potentialAction\":[{\"@type\":\"ReadAction\",\"target\":[\"https:\/\/chemins-de-deuil.fr\/index.php\/2025\/05\/09\/sur-le-chemin-du-deuil-presentation\/\"]}]},{\"@type\":\"ImageObject\",\"inLanguage\":\"fr-FR\",\"@id\":\"https:\/\/chemins-de-deuil.fr\/index.php\/2025\/05\/09\/sur-le-chemin-du-deuil-presentation\/#primaryimage\",\"url\":\"https:\/\/chemins-de-deuil.fr\/wp-content\/uploads\/2025\/05\/visuel-Manent.png\",\"contentUrl\":\"https:\/\/chemins-de-deuil.fr\/wp-content\/uploads\/2025\/05\/visuel-Manent.png\",\"width\":921,\"height\":620},{\"@type\":\"BreadcrumbList\",\"@id\":\"https:\/\/chemins-de-deuil.fr\/index.php\/2025\/05\/09\/sur-le-chemin-du-deuil-presentation\/#breadcrumb\",\"itemListElement\":[{\"@type\":\"ListItem\",\"position\":1,\"name\":\"Accueil\",\"item\":\"https:\/\/chemins-de-deuil.fr\/\"},{\"@type\":\"ListItem\",\"position\":2,\"name\":\"Sur le Chemin du deuil &#8211; Pr\u00e9sentation\"}]},{\"@type\":\"WebSite\",\"@id\":\"https:\/\/chemins-de-deuil.fr\/#website\",\"url\":\"https:\/\/chemins-de-deuil.fr\/\",\"name\":\"Chemins de deuil, du corps \u00e0 l'\u00eatre\",\"description\":\"Sur le chemin du deuil, accompagner la vie\",\"publisher\":{\"@id\":\"https:\/\/chemins-de-deuil.fr\/#organization\"},\"potentialAction\":[{\"@type\":\"SearchAction\",\"target\":{\"@type\":\"EntryPoint\",\"urlTemplate\":\"https:\/\/chemins-de-deuil.fr\/?s={search_term_string}\"},\"query-input\":{\"@type\":\"PropertyValueSpecification\",\"valueRequired\":true,\"valueName\":\"search_term_string\"}}],\"inLanguage\":\"fr-FR\"},{\"@type\":\"Organization\",\"@id\":\"https:\/\/chemins-de-deuil.fr\/#organization\",\"name\":\"Chemins de deuil, du corps \u00e0 l'\u00eatre\",\"url\":\"https:\/\/chemins-de-deuil.fr\/\",\"logo\":{\"@type\":\"ImageObject\",\"inLanguage\":\"fr-FR\",\"@id\":\"https:\/\/chemins-de-deuil.fr\/#\/schema\/logo\/image\/\",\"url\":\"https:\/\/chemins-de-deuil.fr\/wp-content\/uploads\/2025\/04\/cropped-logoCDD.png\",\"contentUrl\":\"https:\/\/chemins-de-deuil.fr\/wp-content\/uploads\/2025\/04\/cropped-logoCDD.png\",\"width\":923,\"height\":492,\"caption\":\"Chemins de deuil, du corps \u00e0 l'\u00eatre\"},\"image\":{\"@id\":\"https:\/\/chemins-de-deuil.fr\/#\/schema\/logo\/image\/\"},\"sameAs\":[\"https:\/\/www.facebook.com\/cheminsdedeuil\"]},{\"@type\":\"Person\",\"@id\":\"https:\/\/chemins-de-deuil.fr\/#\/schema\/person\/ca1793b867dcafd53ad0443ba700cd75\",\"name\":\"admin6326\",\"image\":{\"@type\":\"ImageObject\",\"inLanguage\":\"fr-FR\",\"@id\":\"https:\/\/secure.gravatar.com\/avatar\/22a5ec7c050d9f9165302ddb75244215e8d231ec831249b4afb3dd0283f69529?s=96&d=mm&r=g\",\"url\":\"https:\/\/secure.gravatar.com\/avatar\/22a5ec7c050d9f9165302ddb75244215e8d231ec831249b4afb3dd0283f69529?s=96&d=mm&r=g\",\"contentUrl\":\"https:\/\/secure.gravatar.com\/avatar\/22a5ec7c050d9f9165302ddb75244215e8d231ec831249b4afb3dd0283f69529?s=96&d=mm&r=g\",\"caption\":\"admin6326\"},\"sameAs\":[\"http:\/\/omugubq.cluster021.hosting.ovh.net\"],\"url\":\"https:\/\/chemins-de-deuil.fr\/index.php\/author\/admin6326\/\"}]}<\/script>\n<!-- \/ Yoast SEO plugin. -->","yoast_head_json":{"title":"Pr\u00e9sentation Livre sur le chemin du deuil Genevi\u00e8ve Manent","description":"Interview vid\u00e9o pour la pr\u00e9sentation du livre de Genevi\u00e8ve Manent, Sur le chemin du deuil tome 1, aux \u00e9ditons \u00c9dilivres","robots":{"index":"index","follow":"follow","max-snippet":"max-snippet:-1","max-image-preview":"max-image-preview:large","max-video-preview":"max-video-preview:-1"},"canonical":"https:\/\/chemins-de-deuil.fr\/index.php\/2025\/05\/09\/sur-le-chemin-du-deuil-presentation\/","og_locale":"fr_FR","og_type":"article","og_title":"Pr\u00e9sentation Livre sur le chemin du deuil Genevi\u00e8ve Manent","og_description":"Interview vid\u00e9o pour la pr\u00e9sentation du livre de Genevi\u00e8ve Manent, Sur le chemin du deuil tome 1, aux \u00e9ditons \u00c9dilivres","og_url":"https:\/\/chemins-de-deuil.fr\/index.php\/2025\/05\/09\/sur-le-chemin-du-deuil-presentation\/","og_site_name":"Chemins de deuil, du corps \u00e0 l&#039;\u00eatre","article_publisher":"https:\/\/www.facebook.com\/cheminsdedeuil","article_published_time":"2025-05-09T11:20:00+00:00","article_modified_time":"2025-05-19T13:17:01+00:00","og_image":[{"width":921,"height":620,"url":"https:\/\/chemins-de-deuil.fr\/wp-content\/uploads\/2025\/05\/visuel-Manent.png","type":"image\/png"}],"author":"admin6326","twitter_card":"summary_large_image","twitter_misc":{"\u00c9crit par":"admin6326","Dur\u00e9e de lecture estim\u00e9e":"2 minutes"},"schema":{"@context":"https:\/\/schema.org","@graph":[{"@type":"Article","@id":"https:\/\/chemins-de-deuil.fr\/index.php\/2025\/05\/09\/sur-le-chemin-du-deuil-presentation\/#article","isPartOf":{"@id":"https:\/\/chemins-de-deuil.fr\/index.php\/2025\/05\/09\/sur-le-chemin-du-deuil-presentation\/"},"author":{"name":"admin6326","@id":"https:\/\/chemins-de-deuil.fr\/#\/schema\/person\/ca1793b867dcafd53ad0443ba700cd75"},"headline":"Sur le Chemin du deuil &#8211; Pr\u00e9sentation","datePublished":"2025-05-09T11:20:00+00:00","dateModified":"2025-05-19T13:17:01+00:00","mainEntityOfPage":{"@id":"https:\/\/chemins-de-deuil.fr\/index.php\/2025\/05\/09\/sur-le-chemin-du-deuil-presentation\/"},"wordCount":273,"publisher":{"@id":"https:\/\/chemins-de-deuil.fr\/#organization"},"image":{"@id":"https:\/\/chemins-de-deuil.fr\/index.php\/2025\/05\/09\/sur-le-chemin-du-deuil-presentation\/#primaryimage"},"thumbnailUrl":"https:\/\/chemins-de-deuil.fr\/wp-content\/uploads\/2025\/05\/visuel-Manent.png","articleSection":["Vid\u00e9o"],"inLanguage":"fr-FR"},{"@type":"WebPage","@id":"https:\/\/chemins-de-deuil.fr\/index.php\/2025\/05\/09\/sur-le-chemin-du-deuil-presentation\/","url":"https:\/\/chemins-de-deuil.fr\/index.php\/2025\/05\/09\/sur-le-chemin-du-deuil-presentation\/","name":"Pr\u00e9sentation Livre sur le chemin du deuil Genevi\u00e8ve Manent","isPartOf":{"@id":"https:\/\/chemins-de-deuil.fr\/#website"},"primaryImageOfPage":{"@id":"https:\/\/chemins-de-deuil.fr\/index.php\/2025\/05\/09\/sur-le-chemin-du-deuil-presentation\/#primaryimage"},"image":{"@id":"https:\/\/chemins-de-deuil.fr\/index.php\/2025\/05\/09\/sur-le-chemin-du-deuil-presentation\/#primaryimage"},"thumbnailUrl":"https:\/\/chemins-de-deuil.fr\/wp-content\/uploads\/2025\/05\/visuel-Manent.png","datePublished":"2025-05-09T11:20:00+00:00","dateModified":"2025-05-19T13:17:01+00:00","description":"Interview vid\u00e9o pour la pr\u00e9sentation du livre de Genevi\u00e8ve Manent, Sur le chemin du deuil tome 1, aux \u00e9ditons \u00c9dilivres","breadcrumb":{"@id":"https:\/\/chemins-de-deuil.fr\/index.php\/2025\/05\/09\/sur-le-chemin-du-deuil-presentation\/#breadcrumb"},"inLanguage":"fr-FR","potentialAction":[{"@type":"ReadAction","target":["https:\/\/chemins-de-deuil.fr\/index.php\/2025\/05\/09\/sur-le-chemin-du-deuil-presentation\/"]}]},{"@type":"ImageObject","inLanguage":"fr-FR","@id":"https:\/\/chemins-de-deuil.fr\/index.php\/2025\/05\/09\/sur-le-chemin-du-deuil-presentation\/#primaryimage","url":"https:\/\/chemins-de-deuil.fr\/wp-content\/uploads\/2025\/05\/visuel-Manent.png","contentUrl":"https:\/\/chemins-de-deuil.fr\/wp-content\/uploads\/2025\/05\/visuel-Manent.png","width":921,"height":620},{"@type":"BreadcrumbList","@id":"https:\/\/chemins-de-deuil.fr\/index.php\/2025\/05\/09\/sur-le-chemin-du-deuil-presentation\/#breadcrumb","itemListElement":[{"@type":"ListItem","position":1,"name":"Accueil","item":"https:\/\/chemins-de-deuil.fr\/"},{"@type":"ListItem","position":2,"name":"Sur le Chemin du deuil &#8211; Pr\u00e9sentation"}]},{"@type":"WebSite","@id":"https:\/\/chemins-de-deuil.fr\/#website","url":"https:\/\/chemins-de-deuil.fr\/","name":"Chemins de deuil, du corps \u00e0 l'\u00eatre","description":"Sur le chemin du deuil, accompagner la vie","publisher":{"@id":"https:\/\/chemins-de-deuil.fr\/#organization"},"potentialAction":[{"@type":"SearchAction","target":{"@type":"EntryPoint","urlTemplate":"https:\/\/chemins-de-deuil.fr\/?s={search_term_string}"},"query-input":{"@type":"PropertyValueSpecification","valueRequired":true,"valueName":"search_term_string"}}],"inLanguage":"fr-FR"},{"@type":"Organization","@id":"https:\/\/chemins-de-deuil.fr\/#organization","name":"Chemins de deuil, du corps \u00e0 l'\u00eatre","url":"https:\/\/chemins-de-deuil.fr\/","logo":{"@type":"ImageObject","inLanguage":"fr-FR","@id":"https:\/\/chemins-de-deuil.fr\/#\/schema\/logo\/image\/","url":"https:\/\/chemins-de-deuil.fr\/wp-content\/uploads\/2025\/04\/cropped-logoCDD.png","contentUrl":"https:\/\/chemins-de-deuil.fr\/wp-content\/uploads\/2025\/04\/cropped-logoCDD.png","width":923,"height":492,"caption":"Chemins de deuil, du corps \u00e0 l'\u00eatre"},"image":{"@id":"https:\/\/chemins-de-deuil.fr\/#\/schema\/logo\/image\/"},"sameAs":["https:\/\/www.facebook.com\/cheminsdedeuil"]},{"@type":"Person","@id":"https:\/\/chemins-de-deuil.fr\/#\/schema\/person\/ca1793b867dcafd53ad0443ba700cd75","name":"admin6326","image":{"@type":"ImageObject","inLanguage":"fr-FR","@id":"https:\/\/secure.gravatar.com\/avatar\/22a5ec7c050d9f9165302ddb75244215e8d231ec831249b4afb3dd0283f69529?s=96&d=mm&r=g","url":"https:\/\/secure.gravatar.com\/avatar\/22a5ec7c050d9f9165302ddb75244215e8d231ec831249b4afb3dd0283f69529?s=96&d=mm&r=g","contentUrl":"https:\/\/secure.gravatar.com\/avatar\/22a5ec7c050d9f9165302ddb75244215e8d231ec831249b4afb3dd0283f69529?s=96&d=mm&r=g","caption":"admin6326"},"sameAs":["http:\/\/omugubq.cluster021.hosting.ovh.net"],"url":"https:\/\/chemins-de-deuil.fr\/index.php\/author\/admin6326\/"}]}},"_links":{"self":[{"href":"https:\/\/chemins-de-deuil.fr\/index.php\/wp-json\/wp\/v2\/posts\/1189","targetHints":{"allow":["GET"]}}],"collection":[{"href":"https:\/\/chemins-de-deuil.fr\/index.php\/wp-json\/wp\/v2\/posts"}],"about":[{"href":"https:\/\/chemins-de-deuil.fr\/index.php\/wp-json\/wp\/v2\/types\/post"}],"author":[{"embeddable":true,"href":"https:\/\/chemins-de-deuil.fr\/index.php\/wp-json\/wp\/v2\/users\/1"}],"replies":[{"embeddable":true,"href":"https:\/\/chemins-de-deuil.fr\/index.php\/wp-json\/wp\/v2\/comments?post=1189"}],"version-history":[{"count":16,"href":"https:\/\/chemins-de-deuil.fr\/index.php\/wp-json\/wp\/v2\/posts\/1189\/revisions"}],"predecessor-version":[{"id":1344,"href":"https:\/\/chemins-de-deuil.fr\/index.php\/wp-json\/wp\/v2\/posts\/1189\/revisions\/1344"}],"wp:featuredmedia":[{"embeddable":true,"href":"https:\/\/chemins-de-deuil.fr\/index.php\/wp-json\/wp\/v2\/media\/1194"}],"wp:attachment":[{"href":"https:\/\/chemins-de-deuil.fr\/index.php\/wp-json\/wp\/v2\/media?parent=1189"}],"wp:term":[{"taxonomy":"category","embeddable":true,"href":"https:\/\/chemins-de-deuil.fr\/index.php\/wp-json\/wp\/v2\/categories?post=1189"},{"taxonomy":"post_tag","embeddable":true,"href":"https:\/\/chemins-de-deuil.fr\/index.php\/wp-json\/wp\/v2\/tags?post=1189"}],"curies":[{"name":"wp","href":"https:\/\/api.w.org\/{rel}","templated":true}]}}