{"id":1648,"date":"2025-05-16T11:10:19","date_gmt":"2025-05-16T09:10:19","guid":{"rendered":"https:\/\/chemins-de-deuil.fr\/?p=1648"},"modified":"2025-06-19T10:59:41","modified_gmt":"2025-06-19T08:59:41","slug":"conference-anne-lopez-le-deuil-aujourdhui-une-intelligence-a-partager","status":"publish","type":"post","link":"https:\/\/chemins-de-deuil.fr\/index.php\/2025\/05\/16\/conference-anne-lopez-le-deuil-aujourdhui-une-intelligence-a-partager\/","title":{"rendered":"Conf\u00e9rence &#8211; Le deuil aujourd&rsquo;hui, une intelligence a\u0300 partager"},"content":{"rendered":"\t\t<div data-elementor-type=\"wp-post\" data-elementor-id=\"1648\" class=\"elementor elementor-1648\">\n\t\t\t\t\t\t<section class=\"elementor-section elementor-top-section elementor-element elementor-element-135acd36 elementor-section-boxed elementor-section-height-default elementor-section-height-default\" data-id=\"135acd36\" data-element_type=\"section\" data-e-type=\"section\" data-settings=\"{&quot;background_background&quot;:&quot;classic&quot;,&quot;shape_divider_bottom&quot;:&quot;curve&quot;,&quot;shape_divider_bottom_negative&quot;:&quot;yes&quot;}\">\n\t\t\t\t\t\t\t<div class=\"elementor-background-overlay\"><\/div>\n\t\t\t\t\t\t<div class=\"elementor-shape elementor-shape-bottom\" aria-hidden=\"true\" data-negative=\"true\">\n\t\t\t<svg xmlns=\"http:\/\/www.w3.org\/2000\/svg\" viewBox=\"0 0 1000 100\" preserveAspectRatio=\"none\">\n\t<path class=\"elementor-shape-fill\" d=\"M500,97C126.7,96.3,0.8,19.8,0,0v100l1000,0V1C1000,19.4,873.3,97.8,500,97z\"\/>\n<\/svg>\t\t<\/div>\n\t\t\t\t\t<div class=\"elementor-container elementor-column-gap-default\">\n\t\t\t\t\t<div class=\"elementor-column elementor-col-100 elementor-top-column elementor-element elementor-element-31acd9fb\" data-id=\"31acd9fb\" data-element_type=\"column\" data-e-type=\"column\">\n\t\t\t<div class=\"elementor-widget-wrap elementor-element-populated\">\n\t\t\t\t\t\t<div class=\"elementor-element elementor-element-59d10692 elementor-widget elementor-widget-heading\" data-id=\"59d10692\" data-element_type=\"widget\" data-e-type=\"widget\" data-widget_type=\"heading.default\">\n\t\t\t\t<div class=\"elementor-widget-container\">\n\t\t\t\t\t<h1 class=\"elementor-heading-title elementor-size-large\">Le deuil aujourd'hui,  une intelligence \u00e0 partager\n<\/h1>\t\t\t\t<\/div>\n\t\t\t\t<\/div>\n\t\t\t\t<section class=\"elementor-section elementor-inner-section elementor-element elementor-element-47fbbc45 elementor-section-boxed elementor-section-height-default elementor-section-height-default\" data-id=\"47fbbc45\" data-element_type=\"section\" data-e-type=\"section\">\n\t\t\t\t\t\t<div class=\"elementor-container elementor-column-gap-default\">\n\t\t\t\t\t<div class=\"elementor-column elementor-col-50 elementor-inner-column elementor-element elementor-element-38c3ca85\" data-id=\"38c3ca85\" data-element_type=\"column\" data-e-type=\"column\">\n\t\t\t<div class=\"elementor-widget-wrap elementor-element-populated\">\n\t\t\t\t\t\t<div class=\"elementor-element elementor-element-6b2ca519 elementor-mobile-align-center elementor-align-right elementor-widget elementor-widget-button\" data-id=\"6b2ca519\" data-element_type=\"widget\" data-e-type=\"widget\" data-widget_type=\"button.default\">\n\t\t\t\t<div class=\"elementor-widget-container\">\n\t\t\t\t\t\t\t\t\t<div class=\"elementor-button-wrapper\">\n\t\t\t\t\t<a class=\"elementor-button elementor-button-link elementor-size-sm\" href=\"https:\/\/chemins-de-deuil.fr\/index.php\/nos-actions-sensibilisation-au-deuil\/\">\n\t\t\t\t\t\t<span class=\"elementor-button-content-wrapper\">\n\t\t\t\t\t\t\t\t\t<span class=\"elementor-button-text\">Nos actions<\/span>\n\t\t\t\t\t<\/span>\n\t\t\t\t\t<\/a>\n\t\t\t\t<\/div>\n\t\t\t\t\t\t\t\t<\/div>\n\t\t\t\t<\/div>\n\t\t\t\t\t<\/div>\n\t\t<\/div>\n\t\t\t\t<div class=\"elementor-column elementor-col-50 elementor-inner-column elementor-element elementor-element-1810ca7e\" data-id=\"1810ca7e\" data-element_type=\"column\" data-e-type=\"column\">\n\t\t\t<div class=\"elementor-widget-wrap elementor-element-populated\">\n\t\t\t\t\t\t<div class=\"elementor-element elementor-element-bd4b197 elementor-mobile-align-center elementor-widget elementor-widget-button\" data-id=\"bd4b197\" data-element_type=\"widget\" data-e-type=\"widget\" data-widget_type=\"button.default\">\n\t\t\t\t<div class=\"elementor-widget-container\">\n\t\t\t\t\t\t\t\t\t<div class=\"elementor-button-wrapper\">\n\t\t\t\t\t<a class=\"elementor-button elementor-button-link elementor-size-sm\" href=\"https:\/\/chemins-de-deuil.fr\/index.php\/accompagnement-du-deuil\/\">\n\t\t\t\t\t\t<span class=\"elementor-button-content-wrapper\">\n\t\t\t\t\t\t\t\t\t<span class=\"elementor-button-text\">Nos accompagnements<\/span>\n\t\t\t\t\t<\/span>\n\t\t\t\t\t<\/a>\n\t\t\t\t<\/div>\n\t\t\t\t\t\t\t\t<\/div>\n\t\t\t\t<\/div>\n\t\t\t\t\t<\/div>\n\t\t<\/div>\n\t\t\t\t\t<\/div>\n\t\t<\/section>\n\t\t\t\t<div class=\"elementor-element elementor-element-4741a440 elementor-widget elementor-widget-text-editor\" data-id=\"4741a440\" data-element_type=\"widget\" data-e-type=\"widget\" data-widget_type=\"text-editor.default\">\n\t\t\t\t<div class=\"elementor-widget-container\">\n\t\t\t\t\t\t\t\t\t<p>Visio conf\u00e9rence de Anne Lopez<\/p>\t\t\t\t\t\t\t\t<\/div>\n\t\t\t\t<\/div>\n\t\t\t\t<div class=\"elementor-element elementor-element-64ffd337 elementor-widget elementor-widget-video\" data-id=\"64ffd337\" data-element_type=\"widget\" data-e-type=\"widget\" data-settings=\"{&quot;youtube_url&quot;:&quot;https:\\\/\\\/youtu.be\\\/Qz8aKx0GIsU&quot;,&quot;show_image_overlay&quot;:&quot;yes&quot;,&quot;image_overlay&quot;:{&quot;url&quot;:&quot;https:\\\/\\\/chemins-de-deuil.fr\\\/wp-content\\\/uploads\\\/2025\\\/02\\\/20250202_111140-scaled.jpg&quot;,&quot;id&quot;:18,&quot;size&quot;:&quot;&quot;,&quot;alt&quot;:&quot;podcast-deuil-chemin-spirale-croissance&quot;,&quot;source&quot;:&quot;library&quot;},&quot;lightbox&quot;:&quot;yes&quot;,&quot;video_type&quot;:&quot;youtube&quot;,&quot;controls&quot;:&quot;yes&quot;}\" data-widget_type=\"video.default\">\n\t\t\t\t<div class=\"elementor-widget-container\">\n\t\t\t\t\t\t\t<div class=\"elementor-wrapper elementor-open-lightbox\">\n\t\t\t\t\t\t\t<div class=\"elementor-custom-embed-image-overlay\" data-elementor-open-lightbox=\"yes\" data-elementor-lightbox=\"{&quot;type&quot;:&quot;video&quot;,&quot;videoType&quot;:&quot;youtube&quot;,&quot;url&quot;:&quot;https:\\\/\\\/www.youtube.com\\\/embed\\\/Qz8aKx0GIsU?feature=oembed&amp;start&amp;end&amp;wmode=opaque&amp;loop=0&amp;controls=1&amp;mute=0&amp;rel=0&amp;cc_load_policy=0&quot;,&quot;autoplay&quot;:&quot;&quot;,&quot;modalOptions&quot;:{&quot;id&quot;:&quot;elementor-lightbox-64ffd337&quot;,&quot;entranceAnimation&quot;:&quot;&quot;,&quot;entranceAnimation_tablet&quot;:&quot;&quot;,&quot;entranceAnimation_mobile&quot;:&quot;&quot;,&quot;videoAspectRatio&quot;:&quot;169&quot;}}\" data-e-action-hash=\"#elementor-action%3Aaction%3Dlightbox%26settings%3DeyJ0eXBlIjoidmlkZW8iLCJ2aWRlb1R5cGUiOiJ5b3V0dWJlIiwidXJsIjoiaHR0cHM6XC9cL3d3dy55b3V0dWJlLmNvbVwvZW1iZWRcL1F6OGFLeDBHSXNVP2ZlYXR1cmU9b2VtYmVkJnN0YXJ0JmVuZCZ3bW9kZT1vcGFxdWUmbG9vcD0wJmNvbnRyb2xzPTEmbXV0ZT0wJnJlbD0wJmNjX2xvYWRfcG9saWN5PTAiLCJhdXRvcGxheSI6IiIsIm1vZGFsT3B0aW9ucyI6eyJpZCI6ImVsZW1lbnRvci1saWdodGJveC02NGZmZDMzNyIsImVudHJhbmNlQW5pbWF0aW9uIjoiIiwiZW50cmFuY2VBbmltYXRpb25fdGFibGV0IjoiIiwiZW50cmFuY2VBbmltYXRpb25fbW9iaWxlIjoiIiwidmlkZW9Bc3BlY3RSYXRpbyI6IjE2OSJ9fQ%3D%3D\">\n\t\t\t\t\t\t\t\t\t\t\t<img fetchpriority=\"high\" decoding=\"async\" width=\"2560\" height=\"1920\" src=\"https:\/\/chemins-de-deuil.fr\/wp-content\/uploads\/2025\/02\/20250202_111140-scaled.jpg\" class=\"attachment-full size-full wp-image-18\" alt=\"podcast-deuil-chemin-spirale-croissance\" srcset=\"https:\/\/chemins-de-deuil.fr\/wp-content\/uploads\/2025\/02\/20250202_111140-scaled.jpg 2560w, https:\/\/chemins-de-deuil.fr\/wp-content\/uploads\/2025\/02\/20250202_111140-300x225.jpg 300w, https:\/\/chemins-de-deuil.fr\/wp-content\/uploads\/2025\/02\/20250202_111140-1024x768.jpg 1024w, https:\/\/chemins-de-deuil.fr\/wp-content\/uploads\/2025\/02\/20250202_111140-768x576.jpg 768w, https:\/\/chemins-de-deuil.fr\/wp-content\/uploads\/2025\/02\/20250202_111140-1536x1152.jpg 1536w, https:\/\/chemins-de-deuil.fr\/wp-content\/uploads\/2025\/02\/20250202_111140-2048x1536.jpg 2048w\" sizes=\"(max-width: 2560px) 100vw, 2560px\" \/>\t\t\t\t\t\t\t\t\t\t\t\t\t\t\t\t<div class=\"elementor-custom-embed-play\" role=\"button\" aria-label=\"Lire la vid\u00e9o sur podcast-deuil-chemin-spirale-croissance\" tabindex=\"0\">\n\t\t\t\t\t\t\t<svg aria-hidden=\"true\" class=\"e-font-icon-svg e-eicon-play\" viewBox=\"0 0 1000 1000\" xmlns=\"http:\/\/www.w3.org\/2000\/svg\"><path d=\"M838 162C746 71 633 25 500 25 371 25 258 71 163 162 71 254 25 367 25 500 25 633 71 746 163 837 254 929 367 979 500 979 633 979 746 933 838 837 929 746 975 633 975 500 975 367 929 254 838 162M808 192C892 279 933 379 933 500 933 621 892 725 808 808 725 892 621 938 500 938 379 938 279 896 196 808 113 725 67 621 67 500 67 379 108 279 196 192 279 108 383 62 500 62 621 62 721 108 808 192M438 392V642L642 517 438 392Z\"><\/path><\/svg>\t\t\t\t\t\t<\/div>\n\t\t\t\t\t\t\t\t\t<\/div>\n\t\t\t\t\t<\/div>\n\t\t\t\t\t\t<\/div>\n\t\t\t\t<\/div>\n\t\t\t\t\t<\/div>\n\t\t<\/div>\n\t\t\t\t\t<\/div>\n\t\t<\/section>\n\t\t\t\t<section class=\"elementor-section elementor-top-section elementor-element elementor-element-1a6ba7c5 elementor-section-boxed elementor-section-height-default elementor-section-height-default\" data-id=\"1a6ba7c5\" data-element_type=\"section\" data-e-type=\"section\">\n\t\t\t\t\t\t<div class=\"elementor-container elementor-column-gap-default\">\n\t\t\t\t\t<div class=\"elementor-column elementor-col-100 elementor-top-column elementor-element elementor-element-64e2db85\" data-id=\"64e2db85\" data-element_type=\"column\" data-e-type=\"column\">\n\t\t\t<div class=\"elementor-widget-wrap\">\n\t\t\t\t\t\t\t<\/div>\n\t\t<\/div>\n\t\t\t\t\t<\/div>\n\t\t<\/section>\n\t\t<div class=\"elementor-element elementor-element-3b1c300b animated-slow e-flex e-con-boxed elementor-invisible e-con e-parent\" data-id=\"3b1c300b\" data-element_type=\"container\" data-e-type=\"container\" data-settings=\"{&quot;background_background&quot;:&quot;classic&quot;,&quot;animation&quot;:&quot;fadeInRight&quot;}\">\n\t\t\t\t\t<div class=\"e-con-inner\">\n\t\t\t\t<div class=\"elementor-element elementor-element-726e7daa elementor-widget elementor-widget-heading\" data-id=\"726e7daa\" data-element_type=\"widget\" data-e-type=\"widget\" data-widget_type=\"heading.default\">\n\t\t\t\t<div class=\"elementor-widget-container\">\n\t\t\t\t\t<h2 class=\"elementor-heading-title elementor-size-default\"><span class=\"OYPEnA font-feature-liga-off font-feature-clig-off font-feature-calt-off text-decoration-none text-strikethrough-none\">Les prochaines sessions de formation<\/span><\/h2>\t\t\t\t<\/div>\n\t\t\t\t<\/div>\n\t\t\t\t<div class=\"elementor-element elementor-element-796bdd2a elementor-widget elementor-widget-text-editor\" data-id=\"796bdd2a\" data-element_type=\"widget\" data-e-type=\"widget\" data-widget_type=\"text-editor.default\">\n\t\t\t\t<div class=\"elementor-widget-container\">\n\t\t\t\t\t\t\t\t\t<p><span class=\"OYPEnA font-feature-liga-off font-feature-clig-off font-feature-calt-off text-decoration-none text-strikethrough-none\">En partenariat avec ADAL, organisme de formation professionnelle<\/span>.<\/p>\t\t\t\t\t\t\t\t<\/div>\n\t\t\t\t<\/div>\n\t\t\t\t<div class=\"elementor-element elementor-element-54981037 e-n-tabs-mobile elementor-widget elementor-widget-n-tabs\" data-id=\"54981037\" data-element_type=\"widget\" data-e-type=\"widget\" data-widget_type=\"nested-tabs.default\">\n\t\t\t\t<div class=\"elementor-widget-container\">\n\t\t\t\t\t\t\t<div class=\"e-n-tabs\" data-widget-number=\"1419251767\" aria-label=\"Onglets. Ouvrez des \u00e9l\u00e9ments avec Entrer ou Espace, fermez-les avec Echape et naviguez \u00e0 l&#039;aide des touches fl\u00e9ch\u00e9es.\">\n\t\t\t<div class=\"e-n-tabs-heading\" role=\"tablist\">\n\t\t\t\t\t<button id=\"e-n-tab-title-14192517671\" data-tab-title-id=\"e-n-tab-title-14192517671\" class=\"e-n-tab-title\" aria-selected=\"true\" data-tab-index=\"1\" role=\"tab\" tabindex=\"0\" aria-controls=\"e-n-tab-content-14192517671\" style=\"--n-tabs-title-order: 1;\">\n\t\t\t\t\t\t<span class=\"e-n-tab-title-text\">\n\t\t\t\tModule 1\t\t\t<\/span>\n\t\t<\/button>\n\t\t\t\t<button id=\"e-n-tab-title-14192517672\" data-tab-title-id=\"e-n-tab-title-14192517672\" class=\"e-n-tab-title\" aria-selected=\"false\" data-tab-index=\"2\" role=\"tab\" tabindex=\"-1\" aria-controls=\"e-n-tab-content-14192517672\" style=\"--n-tabs-title-order: 2;\">\n\t\t\t\t\t\t<span class=\"e-n-tab-title-text\">\n\t\t\t\tModule 2\t\t\t<\/span>\n\t\t<\/button>\n\t\t\t\t<button id=\"e-n-tab-title-14192517673\" data-tab-title-id=\"e-n-tab-title-14192517673\" class=\"e-n-tab-title\" aria-selected=\"false\" data-tab-index=\"3\" role=\"tab\" tabindex=\"-1\" aria-controls=\"e-n-tab-content-14192517673\" style=\"--n-tabs-title-order: 3;\">\n\t\t\t\t\t\t<span class=\"e-n-tab-title-text\">\n\t\t\t\tModule 3\t\t\t<\/span>\n\t\t<\/button>\n\t\t\t\t\t<\/div>\n\t\t\t<div class=\"e-n-tabs-content\">\n\t\t\t\t<div id=\"e-n-tab-content-14192517671\" role=\"tabpanel\" aria-labelledby=\"e-n-tab-title-14192517671\" data-tab-index=\"1\" style=\"--n-tabs-title-order: 1;\" class=\"e-active elementor-element elementor-element-57e0fd03 e-con-full e-flex e-con e-child\" data-id=\"57e0fd03\" data-element_type=\"container\" data-e-type=\"container\">\n\t\t\t\t<div class=\"elementor-element elementor-element-23c20c5b elementor-widget elementor-widget-text-editor\" data-id=\"23c20c5b\" data-element_type=\"widget\" data-e-type=\"widget\" data-widget_type=\"text-editor.default\">\n\t\t\t\t<div class=\"elementor-widget-container\">\n\t\t\t\t\t\t\t\t\t<p>Formation <strong>\u00ab\u00a0Accompagnement du deuil du corps \u00e0 l\u2019\u00eatre\u00a0\u00bb &#8211; Module 1<\/strong><\/p><p><strong>Du 3 au 5 octobre 2025, <\/strong>\u00e0 Paris.<\/p><p><em>Apprendre \u00e0 accompagner le processus de deuil en tenant compte des diff\u00e9rents niveaux de la personne\u2008: le corps, les \u00e9motions, la pens\u00e9e, le psychisme et l\u2019\u00eatre.<\/em><\/p>\t\t\t\t\t\t\t\t<\/div>\n\t\t\t\t<\/div>\n\t\t\t\t<div class=\"elementor-element elementor-element-3c9a8c9e elementor-align-center elementor-widget elementor-widget-button\" data-id=\"3c9a8c9e\" data-element_type=\"widget\" data-e-type=\"widget\" data-widget_type=\"button.default\">\n\t\t\t\t<div class=\"elementor-widget-container\">\n\t\t\t\t\t\t\t\t\t<div class=\"elementor-button-wrapper\">\n\t\t\t\t\t<a class=\"elementor-button elementor-button-link elementor-size-sm\" href=\"http:\/\/omugubq.cluster021.hosting.ovh.net\/wp-content\/uploads\/2025\/04\/Formation_2025.pdf\" target=\"_blank\">\n\t\t\t\t\t\t<span class=\"elementor-button-content-wrapper\">\n\t\t\t\t\t\t\t\t\t<span class=\"elementor-button-text\">Inscription<\/span>\n\t\t\t\t\t<\/span>\n\t\t\t\t\t<\/a>\n\t\t\t\t<\/div>\n\t\t\t\t\t\t\t\t<\/div>\n\t\t\t\t<\/div>\n\t\t\t\t<\/div>\n\t\t<div id=\"e-n-tab-content-14192517672\" role=\"tabpanel\" aria-labelledby=\"e-n-tab-title-14192517672\" data-tab-index=\"2\" style=\"--n-tabs-title-order: 2;\" class=\" elementor-element elementor-element-3e5b860e e-con-full e-flex e-con e-child\" data-id=\"3e5b860e\" data-element_type=\"container\" data-e-type=\"container\">\n\t\t\t\t<div class=\"elementor-element elementor-element-6b5a51e9 elementor-widget elementor-widget-text-editor\" data-id=\"6b5a51e9\" data-element_type=\"widget\" data-e-type=\"widget\" data-widget_type=\"text-editor.default\">\n\t\t\t\t<div class=\"elementor-widget-container\">\n\t\t\t\t\t\t\t\t\t<p>Formation <strong>\u00ab\u00a0Accompagnement du deuil du corps \u00e0 l\u2019\u00eatre\u00a0\u00bb &#8211; Module 2<\/strong><\/p><p><strong>Du 21 au 23 novembre 2025<\/strong>, \u00e0 Paris.<\/p><p><span style=\"text-decoration: underline;\">Il est imp\u00e9ratif d&rsquo;avoir suivi le Module 1 de la formation pour pouvoir s&rsquo;inscrire au Module 2.<\/span><\/p>\t\t\t\t\t\t\t\t<\/div>\n\t\t\t\t<\/div>\n\t\t\t\t<div class=\"elementor-element elementor-element-7c279994 elementor-align-center elementor-widget elementor-widget-button\" data-id=\"7c279994\" data-element_type=\"widget\" data-e-type=\"widget\" data-widget_type=\"button.default\">\n\t\t\t\t<div class=\"elementor-widget-container\">\n\t\t\t\t\t\t\t\t\t<div class=\"elementor-button-wrapper\">\n\t\t\t\t\t<a class=\"elementor-button elementor-button-link elementor-size-sm\" href=\"http:\/\/omugubq.cluster021.hosting.ovh.net\/wp-content\/uploads\/2025\/04\/Formation_2025.pdf\" target=\"_blank\">\n\t\t\t\t\t\t<span class=\"elementor-button-content-wrapper\">\n\t\t\t\t\t\t\t\t\t<span class=\"elementor-button-text\">Inscription<\/span>\n\t\t\t\t\t<\/span>\n\t\t\t\t\t<\/a>\n\t\t\t\t<\/div>\n\t\t\t\t\t\t\t\t<\/div>\n\t\t\t\t<\/div>\n\t\t\t\t<\/div>\n\t\t<div id=\"e-n-tab-content-14192517673\" role=\"tabpanel\" aria-labelledby=\"e-n-tab-title-14192517673\" data-tab-index=\"3\" style=\"--n-tabs-title-order: 3;\" class=\" elementor-element elementor-element-5f3df6e2 e-con-full e-flex e-con e-child\" data-id=\"5f3df6e2\" data-element_type=\"container\" data-e-type=\"container\">\n\t\t\t\t<div class=\"elementor-element elementor-element-527d6915 elementor-widget elementor-widget-text-editor\" data-id=\"527d6915\" data-element_type=\"widget\" data-e-type=\"widget\" data-widget_type=\"text-editor.default\">\n\t\t\t\t<div class=\"elementor-widget-container\">\n\t\t\t\t\t\t\t\t\t<p>Formation <strong>\u00ab\u00a0Accompagnement du deuil du corps \u00e0 l\u2019\u00eatre\u00a0\u00bb &#8211; Module 3<\/strong><\/p><p><strong>Du 12 au 14 d\u00e9cembre 2025<\/strong>, \u00e0 Paris.<\/p><p><span style=\"text-decoration: underline;\">Il est imp\u00e9ratif d&rsquo;avoir suivi le Module 2 de la formation pour pouvoir s&rsquo;inscrire au Module 3.<\/span><\/p>\t\t\t\t\t\t\t\t<\/div>\n\t\t\t\t<\/div>\n\t\t\t\t<div class=\"elementor-element elementor-element-1b274882 elementor-align-center elementor-widget elementor-widget-button\" data-id=\"1b274882\" data-element_type=\"widget\" data-e-type=\"widget\" data-widget_type=\"button.default\">\n\t\t\t\t<div class=\"elementor-widget-container\">\n\t\t\t\t\t\t\t\t\t<div class=\"elementor-button-wrapper\">\n\t\t\t\t\t<a class=\"elementor-button elementor-button-link elementor-size-sm\" href=\"http:\/\/omugubq.cluster021.hosting.ovh.net\/wp-content\/uploads\/2025\/04\/Formation_2025.pdf\" target=\"_blank\">\n\t\t\t\t\t\t<span class=\"elementor-button-content-wrapper\">\n\t\t\t\t\t\t\t\t\t<span class=\"elementor-button-text\">Inscription<\/span>\n\t\t\t\t\t<\/span>\n\t\t\t\t\t<\/a>\n\t\t\t\t<\/div>\n\t\t\t\t\t\t\t\t<\/div>\n\t\t\t\t<\/div>\n\t\t\t\t<\/div>\n\t\t\t\t\t<\/div>\n\t\t<\/div>\n\t\t\t\t\t\t<\/div>\n\t\t\t\t<\/div>\n\t\t\t\t\t<\/div>\n\t\t\t\t<\/div>\n\t\t\t\t<\/div>\n\t\t","protected":false},"excerpt":{"rendered":"<p>Visio-conf\u00e9rence de Anne Lopez &#8211; Le cheminement du deuil, un passage essentiel pour faire de toute perte une opportunit\u00e9, de ressource, de croissance&#8230;<\/p>\n","protected":false},"author":1,"featured_media":1650,"comment_status":"closed","ping_status":"open","sticky":false,"template":"","format":"standard","meta":{"footnotes":""},"categories":[11],"tags":[15],"class_list":["post-1648","post","type-post","status-publish","format-standard","has-post-thumbnail","hentry","category-video","tag-conference"],"yoast_head":"<!-- This site is optimized with the Yoast SEO plugin v27.2 - https:\/\/yoast.com\/product\/yoast-seo-wordpress\/ -->\n<title>Conf\u00e9rence Anne Lopez le deuil une intelligence<\/title>\n<meta name=\"description\" content=\"Conf\u00e9rence de Anne Lopez, le deuil une intelligence \u00e0 partager\" \/>\n<meta name=\"robots\" content=\"index, follow, max-snippet:-1, max-image-preview:large, max-video-preview:-1\" \/>\n<link rel=\"canonical\" href=\"https:\/\/chemins-de-deuil.fr\/index.php\/2025\/05\/16\/conference-anne-lopez-le-deuil-aujourdhui-une-intelligence-a-partager\/\" \/>\n<meta property=\"og:locale\" content=\"fr_FR\" \/>\n<meta property=\"og:type\" content=\"article\" \/>\n<meta property=\"og:title\" content=\"Conf\u00e9rence Anne Lopez le deuil une intelligence\" \/>\n<meta property=\"og:description\" content=\"Conf\u00e9rence de Anne Lopez, le deuil une intelligence \u00e0 partager\" \/>\n<meta property=\"og:url\" content=\"https:\/\/chemins-de-deuil.fr\/index.php\/2025\/05\/16\/conference-anne-lopez-le-deuil-aujourdhui-une-intelligence-a-partager\/\" \/>\n<meta property=\"og:site_name\" content=\"Chemins de deuil, du corps \u00e0 l&#039;\u00eatre\" \/>\n<meta property=\"article:publisher\" content=\"https:\/\/www.facebook.com\/cheminsdedeuil\" \/>\n<meta property=\"article:published_time\" content=\"2025-05-16T09:10:19+00:00\" \/>\n<meta property=\"article:modified_time\" content=\"2025-06-19T08:59:41+00:00\" \/>\n<meta property=\"og:image\" content=\"https:\/\/chemins-de-deuil.fr\/wp-content\/uploads\/2025\/06\/Capture-decran-2025-06-19-a-09.43.53.png\" \/>\n\t<meta property=\"og:image:width\" content=\"1037\" \/>\n\t<meta property=\"og:image:height\" content=\"674\" \/>\n\t<meta property=\"og:image:type\" content=\"image\/png\" \/>\n<meta name=\"author\" content=\"admin6326\" \/>\n<meta name=\"twitter:card\" content=\"summary_large_image\" \/>\n<meta name=\"twitter:label1\" content=\"\u00c9crit par\" \/>\n\t<meta name=\"twitter:data1\" content=\"admin6326\" \/>\n\t<meta name=\"twitter:label2\" content=\"Dur\u00e9e de lecture estim\u00e9e\" \/>\n\t<meta name=\"twitter:data2\" content=\"2 minutes\" \/>\n<script type=\"application\/ld+json\" class=\"yoast-schema-graph\">{\"@context\":\"https:\/\/schema.org\",\"@graph\":[{\"@type\":\"Article\",\"@id\":\"https:\/\/chemins-de-deuil.fr\/index.php\/2025\/05\/16\/conference-anne-lopez-le-deuil-aujourdhui-une-intelligence-a-partager\/#article\",\"isPartOf\":{\"@id\":\"https:\/\/chemins-de-deuil.fr\/index.php\/2025\/05\/16\/conference-anne-lopez-le-deuil-aujourdhui-une-intelligence-a-partager\/\"},\"author\":{\"name\":\"admin6326\",\"@id\":\"https:\/\/chemins-de-deuil.fr\/#\/schema\/person\/ca1793b867dcafd53ad0443ba700cd75\"},\"headline\":\"Conf\u00e9rence &#8211; Le deuil aujourd&rsquo;hui, une intelligence a\u0300 partager\",\"datePublished\":\"2025-05-16T09:10:19+00:00\",\"dateModified\":\"2025-06-19T08:59:41+00:00\",\"mainEntityOfPage\":{\"@id\":\"https:\/\/chemins-de-deuil.fr\/index.php\/2025\/05\/16\/conference-anne-lopez-le-deuil-aujourdhui-une-intelligence-a-partager\/\"},\"wordCount\":270,\"publisher\":{\"@id\":\"https:\/\/chemins-de-deuil.fr\/#organization\"},\"image\":{\"@id\":\"https:\/\/chemins-de-deuil.fr\/index.php\/2025\/05\/16\/conference-anne-lopez-le-deuil-aujourdhui-une-intelligence-a-partager\/#primaryimage\"},\"thumbnailUrl\":\"https:\/\/chemins-de-deuil.fr\/wp-content\/uploads\/2025\/06\/Capture-decran-2025-06-19-a-09.43.53.png\",\"keywords\":[\"Conf\u00e9rence\"],\"articleSection\":[\"Vid\u00e9o\"],\"inLanguage\":\"fr-FR\"},{\"@type\":\"WebPage\",\"@id\":\"https:\/\/chemins-de-deuil.fr\/index.php\/2025\/05\/16\/conference-anne-lopez-le-deuil-aujourdhui-une-intelligence-a-partager\/\",\"url\":\"https:\/\/chemins-de-deuil.fr\/index.php\/2025\/05\/16\/conference-anne-lopez-le-deuil-aujourdhui-une-intelligence-a-partager\/\",\"name\":\"Conf\u00e9rence Anne Lopez le deuil une intelligence\",\"isPartOf\":{\"@id\":\"https:\/\/chemins-de-deuil.fr\/#website\"},\"primaryImageOfPage\":{\"@id\":\"https:\/\/chemins-de-deuil.fr\/index.php\/2025\/05\/16\/conference-anne-lopez-le-deuil-aujourdhui-une-intelligence-a-partager\/#primaryimage\"},\"image\":{\"@id\":\"https:\/\/chemins-de-deuil.fr\/index.php\/2025\/05\/16\/conference-anne-lopez-le-deuil-aujourdhui-une-intelligence-a-partager\/#primaryimage\"},\"thumbnailUrl\":\"https:\/\/chemins-de-deuil.fr\/wp-content\/uploads\/2025\/06\/Capture-decran-2025-06-19-a-09.43.53.png\",\"datePublished\":\"2025-05-16T09:10:19+00:00\",\"dateModified\":\"2025-06-19T08:59:41+00:00\",\"description\":\"Conf\u00e9rence de Anne Lopez, le deuil une intelligence \u00e0 partager\",\"breadcrumb\":{\"@id\":\"https:\/\/chemins-de-deuil.fr\/index.php\/2025\/05\/16\/conference-anne-lopez-le-deuil-aujourdhui-une-intelligence-a-partager\/#breadcrumb\"},\"inLanguage\":\"fr-FR\",\"potentialAction\":[{\"@type\":\"ReadAction\",\"target\":[\"https:\/\/chemins-de-deuil.fr\/index.php\/2025\/05\/16\/conference-anne-lopez-le-deuil-aujourdhui-une-intelligence-a-partager\/\"]}]},{\"@type\":\"ImageObject\",\"inLanguage\":\"fr-FR\",\"@id\":\"https:\/\/chemins-de-deuil.fr\/index.php\/2025\/05\/16\/conference-anne-lopez-le-deuil-aujourdhui-une-intelligence-a-partager\/#primaryimage\",\"url\":\"https:\/\/chemins-de-deuil.fr\/wp-content\/uploads\/2025\/06\/Capture-decran-2025-06-19-a-09.43.53.png\",\"contentUrl\":\"https:\/\/chemins-de-deuil.fr\/wp-content\/uploads\/2025\/06\/Capture-decran-2025-06-19-a-09.43.53.png\",\"width\":1037,\"height\":674,\"caption\":\"Conf\u00e9rence-Lopez-Deuil-Ressource\"},{\"@type\":\"BreadcrumbList\",\"@id\":\"https:\/\/chemins-de-deuil.fr\/index.php\/2025\/05\/16\/conference-anne-lopez-le-deuil-aujourdhui-une-intelligence-a-partager\/#breadcrumb\",\"itemListElement\":[{\"@type\":\"ListItem\",\"position\":1,\"name\":\"Accueil\",\"item\":\"https:\/\/chemins-de-deuil.fr\/\"},{\"@type\":\"ListItem\",\"position\":2,\"name\":\"Conf\u00e9rence &#8211; Le deuil aujourd&rsquo;hui, une intelligence a\u0300 partager\"}]},{\"@type\":\"WebSite\",\"@id\":\"https:\/\/chemins-de-deuil.fr\/#website\",\"url\":\"https:\/\/chemins-de-deuil.fr\/\",\"name\":\"Chemins de deuil, du corps \u00e0 l'\u00eatre\",\"description\":\"Sur le chemin du deuil, accompagner la vie\",\"publisher\":{\"@id\":\"https:\/\/chemins-de-deuil.fr\/#organization\"},\"potentialAction\":[{\"@type\":\"SearchAction\",\"target\":{\"@type\":\"EntryPoint\",\"urlTemplate\":\"https:\/\/chemins-de-deuil.fr\/?s={search_term_string}\"},\"query-input\":{\"@type\":\"PropertyValueSpecification\",\"valueRequired\":true,\"valueName\":\"search_term_string\"}}],\"inLanguage\":\"fr-FR\"},{\"@type\":\"Organization\",\"@id\":\"https:\/\/chemins-de-deuil.fr\/#organization\",\"name\":\"Chemins de deuil, du corps \u00e0 l'\u00eatre\",\"url\":\"https:\/\/chemins-de-deuil.fr\/\",\"logo\":{\"@type\":\"ImageObject\",\"inLanguage\":\"fr-FR\",\"@id\":\"https:\/\/chemins-de-deuil.fr\/#\/schema\/logo\/image\/\",\"url\":\"https:\/\/chemins-de-deuil.fr\/wp-content\/uploads\/2025\/04\/cropped-logoCDD.png\",\"contentUrl\":\"https:\/\/chemins-de-deuil.fr\/wp-content\/uploads\/2025\/04\/cropped-logoCDD.png\",\"width\":923,\"height\":492,\"caption\":\"Chemins de deuil, du corps \u00e0 l'\u00eatre\"},\"image\":{\"@id\":\"https:\/\/chemins-de-deuil.fr\/#\/schema\/logo\/image\/\"},\"sameAs\":[\"https:\/\/www.facebook.com\/cheminsdedeuil\"]},{\"@type\":\"Person\",\"@id\":\"https:\/\/chemins-de-deuil.fr\/#\/schema\/person\/ca1793b867dcafd53ad0443ba700cd75\",\"name\":\"admin6326\",\"image\":{\"@type\":\"ImageObject\",\"inLanguage\":\"fr-FR\",\"@id\":\"https:\/\/secure.gravatar.com\/avatar\/22a5ec7c050d9f9165302ddb75244215e8d231ec831249b4afb3dd0283f69529?s=96&d=mm&r=g\",\"url\":\"https:\/\/secure.gravatar.com\/avatar\/22a5ec7c050d9f9165302ddb75244215e8d231ec831249b4afb3dd0283f69529?s=96&d=mm&r=g\",\"contentUrl\":\"https:\/\/secure.gravatar.com\/avatar\/22a5ec7c050d9f9165302ddb75244215e8d231ec831249b4afb3dd0283f69529?s=96&d=mm&r=g\",\"caption\":\"admin6326\"},\"sameAs\":[\"http:\/\/omugubq.cluster021.hosting.ovh.net\"],\"url\":\"https:\/\/chemins-de-deuil.fr\/index.php\/author\/admin6326\/\"}]}<\/script>\n<!-- \/ Yoast SEO plugin. -->","yoast_head_json":{"title":"Conf\u00e9rence Anne Lopez le deuil une intelligence","description":"Conf\u00e9rence de Anne Lopez, le deuil une intelligence \u00e0 partager","robots":{"index":"index","follow":"follow","max-snippet":"max-snippet:-1","max-image-preview":"max-image-preview:large","max-video-preview":"max-video-preview:-1"},"canonical":"https:\/\/chemins-de-deuil.fr\/index.php\/2025\/05\/16\/conference-anne-lopez-le-deuil-aujourdhui-une-intelligence-a-partager\/","og_locale":"fr_FR","og_type":"article","og_title":"Conf\u00e9rence Anne Lopez le deuil une intelligence","og_description":"Conf\u00e9rence de Anne Lopez, le deuil une intelligence \u00e0 partager","og_url":"https:\/\/chemins-de-deuil.fr\/index.php\/2025\/05\/16\/conference-anne-lopez-le-deuil-aujourdhui-une-intelligence-a-partager\/","og_site_name":"Chemins de deuil, du corps \u00e0 l&#039;\u00eatre","article_publisher":"https:\/\/www.facebook.com\/cheminsdedeuil","article_published_time":"2025-05-16T09:10:19+00:00","article_modified_time":"2025-06-19T08:59:41+00:00","og_image":[{"width":1037,"height":674,"url":"https:\/\/chemins-de-deuil.fr\/wp-content\/uploads\/2025\/06\/Capture-decran-2025-06-19-a-09.43.53.png","type":"image\/png"}],"author":"admin6326","twitter_card":"summary_large_image","twitter_misc":{"\u00c9crit par":"admin6326","Dur\u00e9e de lecture estim\u00e9e":"2 minutes"},"schema":{"@context":"https:\/\/schema.org","@graph":[{"@type":"Article","@id":"https:\/\/chemins-de-deuil.fr\/index.php\/2025\/05\/16\/conference-anne-lopez-le-deuil-aujourdhui-une-intelligence-a-partager\/#article","isPartOf":{"@id":"https:\/\/chemins-de-deuil.fr\/index.php\/2025\/05\/16\/conference-anne-lopez-le-deuil-aujourdhui-une-intelligence-a-partager\/"},"author":{"name":"admin6326","@id":"https:\/\/chemins-de-deuil.fr\/#\/schema\/person\/ca1793b867dcafd53ad0443ba700cd75"},"headline":"Conf\u00e9rence &#8211; Le deuil aujourd&rsquo;hui, une intelligence a\u0300 partager","datePublished":"2025-05-16T09:10:19+00:00","dateModified":"2025-06-19T08:59:41+00:00","mainEntityOfPage":{"@id":"https:\/\/chemins-de-deuil.fr\/index.php\/2025\/05\/16\/conference-anne-lopez-le-deuil-aujourdhui-une-intelligence-a-partager\/"},"wordCount":270,"publisher":{"@id":"https:\/\/chemins-de-deuil.fr\/#organization"},"image":{"@id":"https:\/\/chemins-de-deuil.fr\/index.php\/2025\/05\/16\/conference-anne-lopez-le-deuil-aujourdhui-une-intelligence-a-partager\/#primaryimage"},"thumbnailUrl":"https:\/\/chemins-de-deuil.fr\/wp-content\/uploads\/2025\/06\/Capture-decran-2025-06-19-a-09.43.53.png","keywords":["Conf\u00e9rence"],"articleSection":["Vid\u00e9o"],"inLanguage":"fr-FR"},{"@type":"WebPage","@id":"https:\/\/chemins-de-deuil.fr\/index.php\/2025\/05\/16\/conference-anne-lopez-le-deuil-aujourdhui-une-intelligence-a-partager\/","url":"https:\/\/chemins-de-deuil.fr\/index.php\/2025\/05\/16\/conference-anne-lopez-le-deuil-aujourdhui-une-intelligence-a-partager\/","name":"Conf\u00e9rence Anne Lopez le deuil une intelligence","isPartOf":{"@id":"https:\/\/chemins-de-deuil.fr\/#website"},"primaryImageOfPage":{"@id":"https:\/\/chemins-de-deuil.fr\/index.php\/2025\/05\/16\/conference-anne-lopez-le-deuil-aujourdhui-une-intelligence-a-partager\/#primaryimage"},"image":{"@id":"https:\/\/chemins-de-deuil.fr\/index.php\/2025\/05\/16\/conference-anne-lopez-le-deuil-aujourdhui-une-intelligence-a-partager\/#primaryimage"},"thumbnailUrl":"https:\/\/chemins-de-deuil.fr\/wp-content\/uploads\/2025\/06\/Capture-decran-2025-06-19-a-09.43.53.png","datePublished":"2025-05-16T09:10:19+00:00","dateModified":"2025-06-19T08:59:41+00:00","description":"Conf\u00e9rence de Anne Lopez, le deuil une intelligence \u00e0 partager","breadcrumb":{"@id":"https:\/\/chemins-de-deuil.fr\/index.php\/2025\/05\/16\/conference-anne-lopez-le-deuil-aujourdhui-une-intelligence-a-partager\/#breadcrumb"},"inLanguage":"fr-FR","potentialAction":[{"@type":"ReadAction","target":["https:\/\/chemins-de-deuil.fr\/index.php\/2025\/05\/16\/conference-anne-lopez-le-deuil-aujourdhui-une-intelligence-a-partager\/"]}]},{"@type":"ImageObject","inLanguage":"fr-FR","@id":"https:\/\/chemins-de-deuil.fr\/index.php\/2025\/05\/16\/conference-anne-lopez-le-deuil-aujourdhui-une-intelligence-a-partager\/#primaryimage","url":"https:\/\/chemins-de-deuil.fr\/wp-content\/uploads\/2025\/06\/Capture-decran-2025-06-19-a-09.43.53.png","contentUrl":"https:\/\/chemins-de-deuil.fr\/wp-content\/uploads\/2025\/06\/Capture-decran-2025-06-19-a-09.43.53.png","width":1037,"height":674,"caption":"Conf\u00e9rence-Lopez-Deuil-Ressource"},{"@type":"BreadcrumbList","@id":"https:\/\/chemins-de-deuil.fr\/index.php\/2025\/05\/16\/conference-anne-lopez-le-deuil-aujourdhui-une-intelligence-a-partager\/#breadcrumb","itemListElement":[{"@type":"ListItem","position":1,"name":"Accueil","item":"https:\/\/chemins-de-deuil.fr\/"},{"@type":"ListItem","position":2,"name":"Conf\u00e9rence &#8211; Le deuil aujourd&rsquo;hui, une intelligence a\u0300 partager"}]},{"@type":"WebSite","@id":"https:\/\/chemins-de-deuil.fr\/#website","url":"https:\/\/chemins-de-deuil.fr\/","name":"Chemins de deuil, du corps \u00e0 l'\u00eatre","description":"Sur le chemin du deuil, accompagner la vie","publisher":{"@id":"https:\/\/chemins-de-deuil.fr\/#organization"},"potentialAction":[{"@type":"SearchAction","target":{"@type":"EntryPoint","urlTemplate":"https:\/\/chemins-de-deuil.fr\/?s={search_term_string}"},"query-input":{"@type":"PropertyValueSpecification","valueRequired":true,"valueName":"search_term_string"}}],"inLanguage":"fr-FR"},{"@type":"Organization","@id":"https:\/\/chemins-de-deuil.fr\/#organization","name":"Chemins de deuil, du corps \u00e0 l'\u00eatre","url":"https:\/\/chemins-de-deuil.fr\/","logo":{"@type":"ImageObject","inLanguage":"fr-FR","@id":"https:\/\/chemins-de-deuil.fr\/#\/schema\/logo\/image\/","url":"https:\/\/chemins-de-deuil.fr\/wp-content\/uploads\/2025\/04\/cropped-logoCDD.png","contentUrl":"https:\/\/chemins-de-deuil.fr\/wp-content\/uploads\/2025\/04\/cropped-logoCDD.png","width":923,"height":492,"caption":"Chemins de deuil, du corps \u00e0 l'\u00eatre"},"image":{"@id":"https:\/\/chemins-de-deuil.fr\/#\/schema\/logo\/image\/"},"sameAs":["https:\/\/www.facebook.com\/cheminsdedeuil"]},{"@type":"Person","@id":"https:\/\/chemins-de-deuil.fr\/#\/schema\/person\/ca1793b867dcafd53ad0443ba700cd75","name":"admin6326","image":{"@type":"ImageObject","inLanguage":"fr-FR","@id":"https:\/\/secure.gravatar.com\/avatar\/22a5ec7c050d9f9165302ddb75244215e8d231ec831249b4afb3dd0283f69529?s=96&d=mm&r=g","url":"https:\/\/secure.gravatar.com\/avatar\/22a5ec7c050d9f9165302ddb75244215e8d231ec831249b4afb3dd0283f69529?s=96&d=mm&r=g","contentUrl":"https:\/\/secure.gravatar.com\/avatar\/22a5ec7c050d9f9165302ddb75244215e8d231ec831249b4afb3dd0283f69529?s=96&d=mm&r=g","caption":"admin6326"},"sameAs":["http:\/\/omugubq.cluster021.hosting.ovh.net"],"url":"https:\/\/chemins-de-deuil.fr\/index.php\/author\/admin6326\/"}]}},"_links":{"self":[{"href":"https:\/\/chemins-de-deuil.fr\/index.php\/wp-json\/wp\/v2\/posts\/1648","targetHints":{"allow":["GET"]}}],"collection":[{"href":"https:\/\/chemins-de-deuil.fr\/index.php\/wp-json\/wp\/v2\/posts"}],"about":[{"href":"https:\/\/chemins-de-deuil.fr\/index.php\/wp-json\/wp\/v2\/types\/post"}],"author":[{"embeddable":true,"href":"https:\/\/chemins-de-deuil.fr\/index.php\/wp-json\/wp\/v2\/users\/1"}],"replies":[{"embeddable":true,"href":"https:\/\/chemins-de-deuil.fr\/index.php\/wp-json\/wp\/v2\/comments?post=1648"}],"version-history":[{"count":17,"href":"https:\/\/chemins-de-deuil.fr\/index.php\/wp-json\/wp\/v2\/posts\/1648\/revisions"}],"predecessor-version":[{"id":1666,"href":"https:\/\/chemins-de-deuil.fr\/index.php\/wp-json\/wp\/v2\/posts\/1648\/revisions\/1666"}],"wp:featuredmedia":[{"embeddable":true,"href":"https:\/\/chemins-de-deuil.fr\/index.php\/wp-json\/wp\/v2\/media\/1650"}],"wp:attachment":[{"href":"https:\/\/chemins-de-deuil.fr\/index.php\/wp-json\/wp\/v2\/media?parent=1648"}],"wp:term":[{"taxonomy":"category","embeddable":true,"href":"https:\/\/chemins-de-deuil.fr\/index.php\/wp-json\/wp\/v2\/categories?post=1648"},{"taxonomy":"post_tag","embeddable":true,"href":"https:\/\/chemins-de-deuil.fr\/index.php\/wp-json\/wp\/v2\/tags?post=1648"}],"curies":[{"name":"wp","href":"https:\/\/api.w.org\/{rel}","templated":true}]}}