{"id":590,"date":"2025-05-13T12:25:24","date_gmt":"2025-05-13T10:25:24","guid":{"rendered":"http:\/\/omugubq.cluster021.hosting.ovh.net\/?p=590"},"modified":"2025-05-19T15:03:50","modified_gmt":"2025-05-19T13:03:50","slug":"podcast-deuil-chemin-spirale-croissance","status":"publish","type":"post","link":"https:\/\/chemins-de-deuil.fr\/index.php\/2025\/05\/13\/podcast-deuil-chemin-spirale-croissance\/","title":{"rendered":"Podcast &#8211; La spirale un chemin de croissance"},"content":{"rendered":"\t\t<div data-elementor-type=\"wp-post\" data-elementor-id=\"590\" class=\"elementor elementor-590\">\n\t\t\t\t\t\t<section class=\"elementor-section elementor-top-section elementor-element elementor-element-1e0d351e elementor-section-boxed elementor-section-height-default elementor-section-height-default\" data-id=\"1e0d351e\" data-element_type=\"section\" data-e-type=\"section\" data-settings=\"{&quot;background_background&quot;:&quot;classic&quot;,&quot;shape_divider_bottom&quot;:&quot;curve&quot;,&quot;shape_divider_bottom_negative&quot;:&quot;yes&quot;}\">\n\t\t\t\t\t\t\t<div class=\"elementor-background-overlay\"><\/div>\n\t\t\t\t\t\t<div class=\"elementor-shape elementor-shape-bottom\" aria-hidden=\"true\" data-negative=\"true\">\n\t\t\t<svg xmlns=\"http:\/\/www.w3.org\/2000\/svg\" viewBox=\"0 0 1000 100\" preserveAspectRatio=\"none\">\n\t<path class=\"elementor-shape-fill\" d=\"M500,97C126.7,96.3,0.8,19.8,0,0v100l1000,0V1C1000,19.4,873.3,97.8,500,97z\"\/>\n<\/svg>\t\t<\/div>\n\t\t\t\t\t<div class=\"elementor-container elementor-column-gap-default\">\n\t\t\t\t\t<div class=\"elementor-column elementor-col-100 elementor-top-column elementor-element elementor-element-33e6e64b\" data-id=\"33e6e64b\" data-element_type=\"column\" data-e-type=\"column\">\n\t\t\t<div class=\"elementor-widget-wrap elementor-element-populated\">\n\t\t\t\t\t\t<div class=\"elementor-element elementor-element-2119787c elementor-widget elementor-widget-heading\" data-id=\"2119787c\" data-element_type=\"widget\" data-e-type=\"widget\" data-widget_type=\"heading.default\">\n\t\t\t\t<div class=\"elementor-widget-container\">\n\t\t\t\t\t<h1 class=\"elementor-heading-title elementor-size-xl\">Le deuil :  une spirale de croissance\n<\/h1>\t\t\t\t<\/div>\n\t\t\t\t<\/div>\n\t\t\t\t<section class=\"elementor-section elementor-inner-section elementor-element elementor-element-48cebf73 elementor-section-boxed elementor-section-height-default elementor-section-height-default\" data-id=\"48cebf73\" data-element_type=\"section\" data-e-type=\"section\">\n\t\t\t\t\t\t<div class=\"elementor-container elementor-column-gap-default\">\n\t\t\t\t\t<div class=\"elementor-column elementor-col-50 elementor-inner-column elementor-element elementor-element-5660f275\" data-id=\"5660f275\" data-element_type=\"column\" data-e-type=\"column\">\n\t\t\t<div class=\"elementor-widget-wrap elementor-element-populated\">\n\t\t\t\t\t\t<div class=\"elementor-element elementor-element-62c1425c elementor-mobile-align-center elementor-align-right elementor-widget elementor-widget-button\" data-id=\"62c1425c\" data-element_type=\"widget\" data-e-type=\"widget\" data-widget_type=\"button.default\">\n\t\t\t\t<div class=\"elementor-widget-container\">\n\t\t\t\t\t\t\t\t\t<div class=\"elementor-button-wrapper\">\n\t\t\t\t\t<a class=\"elementor-button elementor-button-link elementor-size-sm\" href=\"#\">\n\t\t\t\t\t\t<span class=\"elementor-button-content-wrapper\">\n\t\t\t\t\t\t\t\t\t<span class=\"elementor-button-text\">Nos actions<\/span>\n\t\t\t\t\t<\/span>\n\t\t\t\t\t<\/a>\n\t\t\t\t<\/div>\n\t\t\t\t\t\t\t\t<\/div>\n\t\t\t\t<\/div>\n\t\t\t\t\t<\/div>\n\t\t<\/div>\n\t\t\t\t<div class=\"elementor-column elementor-col-50 elementor-inner-column elementor-element elementor-element-6a28e735\" data-id=\"6a28e735\" data-element_type=\"column\" data-e-type=\"column\">\n\t\t\t<div class=\"elementor-widget-wrap elementor-element-populated\">\n\t\t\t\t\t\t<div class=\"elementor-element elementor-element-4627bbc8 elementor-mobile-align-center elementor-widget elementor-widget-button\" data-id=\"4627bbc8\" data-element_type=\"widget\" data-e-type=\"widget\" data-widget_type=\"button.default\">\n\t\t\t\t<div class=\"elementor-widget-container\">\n\t\t\t\t\t\t\t\t\t<div class=\"elementor-button-wrapper\">\n\t\t\t\t\t<a class=\"elementor-button elementor-button-link elementor-size-sm\" href=\"#\">\n\t\t\t\t\t\t<span class=\"elementor-button-content-wrapper\">\n\t\t\t\t\t\t\t\t\t<span class=\"elementor-button-text\">Nos accompagnements<\/span>\n\t\t\t\t\t<\/span>\n\t\t\t\t\t<\/a>\n\t\t\t\t<\/div>\n\t\t\t\t\t\t\t\t<\/div>\n\t\t\t\t<\/div>\n\t\t\t\t\t<\/div>\n\t\t<\/div>\n\t\t\t\t\t<\/div>\n\t\t<\/section>\n\t\t\t\t<div class=\"elementor-element elementor-element-67a4314d elementor-widget elementor-widget-text-editor\" data-id=\"67a4314d\" data-element_type=\"widget\" data-e-type=\"widget\" data-widget_type=\"text-editor.default\">\n\t\t\t\t<div class=\"elementor-widget-container\">\n\t\t\t\t\t\t\t\t\t<p>Interview de Shanti et Anand Jeannot pour \u00ab\u00a0Ainsi va la vie, un podcast sur le deuil\u00a0\u00bb<\/p>\t\t\t\t\t\t\t\t<\/div>\n\t\t\t\t<\/div>\n\t\t\t\t<div class=\"elementor-element elementor-element-57cb2abb elementor-widget elementor-widget-video\" data-id=\"57cb2abb\" data-element_type=\"widget\" data-e-type=\"widget\" data-settings=\"{&quot;youtube_url&quot;:&quot;https:\\\/\\\/www.youtube.com\\\/watch?v=iKRXta4O2tA&quot;,&quot;video_type&quot;:&quot;youtube&quot;,&quot;controls&quot;:&quot;yes&quot;}\" data-widget_type=\"video.default\">\n\t\t\t\t<div class=\"elementor-widget-container\">\n\t\t\t\t\t\t\t<div class=\"elementor-wrapper elementor-open-inline\">\n\t\t\t<div class=\"elementor-video\"><\/div>\t\t<\/div>\n\t\t\t\t\t\t<\/div>\n\t\t\t\t<\/div>\n\t\t\t\t\t<\/div>\n\t\t<\/div>\n\t\t\t\t\t<\/div>\n\t\t<\/section>\n\t\t\t\t<section class=\"elementor-section elementor-top-section elementor-element elementor-element-2810d408 elementor-section-boxed elementor-section-height-default elementor-section-height-default\" data-id=\"2810d408\" data-element_type=\"section\" data-e-type=\"section\">\n\t\t\t\t\t\t<div class=\"elementor-container elementor-column-gap-default\">\n\t\t\t\t\t<div class=\"elementor-column elementor-col-100 elementor-top-column elementor-element elementor-element-375b2f72\" data-id=\"375b2f72\" data-element_type=\"column\" data-e-type=\"column\">\n\t\t\t<div class=\"elementor-widget-wrap\">\n\t\t\t\t\t\t\t<\/div>\n\t\t<\/div>\n\t\t\t\t\t<\/div>\n\t\t<\/section>\n\t\t<div class=\"elementor-element elementor-element-741cace5 animated-slow e-flex e-con-boxed elementor-invisible e-con e-parent\" data-id=\"741cace5\" data-element_type=\"container\" data-e-type=\"container\" data-settings=\"{&quot;background_background&quot;:&quot;classic&quot;,&quot;animation&quot;:&quot;fadeInRight&quot;}\">\n\t\t\t\t\t<div class=\"e-con-inner\">\n\t\t\t\t<div class=\"elementor-element elementor-element-17bca08f elementor-widget elementor-widget-heading\" data-id=\"17bca08f\" data-element_type=\"widget\" data-e-type=\"widget\" data-widget_type=\"heading.default\">\n\t\t\t\t<div class=\"elementor-widget-container\">\n\t\t\t\t\t<h2 class=\"elementor-heading-title elementor-size-default\"><span class=\"OYPEnA font-feature-liga-off font-feature-clig-off font-feature-calt-off text-decoration-none text-strikethrough-none\">Les prochaines sessions de formation<\/span><\/h2>\t\t\t\t<\/div>\n\t\t\t\t<\/div>\n\t\t\t\t<div class=\"elementor-element elementor-element-108fd02f elementor-widget elementor-widget-text-editor\" data-id=\"108fd02f\" data-element_type=\"widget\" data-e-type=\"widget\" data-widget_type=\"text-editor.default\">\n\t\t\t\t<div class=\"elementor-widget-container\">\n\t\t\t\t\t\t\t\t\t<p><span class=\"OYPEnA font-feature-liga-off font-feature-clig-off font-feature-calt-off text-decoration-none text-strikethrough-none\">En partenariat avec ADAL, organisme de formation professionnelle<\/span>.<\/p>\t\t\t\t\t\t\t\t<\/div>\n\t\t\t\t<\/div>\n\t\t\t\t<div class=\"elementor-element elementor-element-c5a5c22 e-n-tabs-mobile elementor-widget elementor-widget-n-tabs\" data-id=\"c5a5c22\" data-element_type=\"widget\" data-e-type=\"widget\" data-widget_type=\"nested-tabs.default\">\n\t\t\t\t<div class=\"elementor-widget-container\">\n\t\t\t\t\t\t\t<div class=\"e-n-tabs\" data-widget-number=\"207248418\" aria-label=\"Onglets. Ouvrez des \u00e9l\u00e9ments avec Entrer ou Espace, fermez-les avec Echape et naviguez \u00e0 l&#039;aide des touches fl\u00e9ch\u00e9es.\">\n\t\t\t<div class=\"e-n-tabs-heading\" role=\"tablist\">\n\t\t\t\t\t<button id=\"e-n-tab-title-2072484181\" data-tab-title-id=\"e-n-tab-title-2072484181\" class=\"e-n-tab-title\" aria-selected=\"true\" data-tab-index=\"1\" role=\"tab\" tabindex=\"0\" aria-controls=\"e-n-tab-content-2072484181\" style=\"--n-tabs-title-order: 1;\">\n\t\t\t\t\t\t<span class=\"e-n-tab-title-text\">\n\t\t\t\tModule 1\t\t\t<\/span>\n\t\t<\/button>\n\t\t\t\t<button id=\"e-n-tab-title-2072484182\" data-tab-title-id=\"e-n-tab-title-2072484182\" class=\"e-n-tab-title\" aria-selected=\"false\" data-tab-index=\"2\" role=\"tab\" tabindex=\"-1\" aria-controls=\"e-n-tab-content-2072484182\" style=\"--n-tabs-title-order: 2;\">\n\t\t\t\t\t\t<span class=\"e-n-tab-title-text\">\n\t\t\t\tModule 2\t\t\t<\/span>\n\t\t<\/button>\n\t\t\t\t<button id=\"e-n-tab-title-2072484183\" data-tab-title-id=\"e-n-tab-title-2072484183\" class=\"e-n-tab-title\" aria-selected=\"false\" data-tab-index=\"3\" role=\"tab\" tabindex=\"-1\" aria-controls=\"e-n-tab-content-2072484183\" style=\"--n-tabs-title-order: 3;\">\n\t\t\t\t\t\t<span class=\"e-n-tab-title-text\">\n\t\t\t\tModule 3\t\t\t<\/span>\n\t\t<\/button>\n\t\t\t\t\t<\/div>\n\t\t\t<div class=\"e-n-tabs-content\">\n\t\t\t\t<div id=\"e-n-tab-content-2072484181\" role=\"tabpanel\" aria-labelledby=\"e-n-tab-title-2072484181\" data-tab-index=\"1\" style=\"--n-tabs-title-order: 1;\" class=\"e-active elementor-element elementor-element-9775f5f e-con-full e-flex e-con e-child\" data-id=\"9775f5f\" data-element_type=\"container\" data-e-type=\"container\">\n\t\t\t\t<div class=\"elementor-element elementor-element-7d6d235d elementor-widget elementor-widget-text-editor\" data-id=\"7d6d235d\" data-element_type=\"widget\" data-e-type=\"widget\" data-widget_type=\"text-editor.default\">\n\t\t\t\t<div class=\"elementor-widget-container\">\n\t\t\t\t\t\t\t\t\t<p>Formation <strong>\u00ab\u00a0Accompagnement du deuil du corps \u00e0 l\u2019\u00eatre\u00a0\u00bb &#8211; Module 1<\/strong><\/p><p><strong>Du 3 au 5 octobre 2025, <\/strong>\u00e0 Paris.<\/p><p><em>Apprendre \u00e0 accompagner le processus de deuil en tenant compte des diff\u00e9rents niveaux de la personne\u2008: le corps, les \u00e9motions, la pens\u00e9e, le psychisme et l\u2019\u00eatre.<\/em><\/p>\t\t\t\t\t\t\t\t<\/div>\n\t\t\t\t<\/div>\n\t\t\t\t<div class=\"elementor-element elementor-element-45251f74 elementor-align-center elementor-widget elementor-widget-button\" data-id=\"45251f74\" data-element_type=\"widget\" data-e-type=\"widget\" data-widget_type=\"button.default\">\n\t\t\t\t<div class=\"elementor-widget-container\">\n\t\t\t\t\t\t\t\t\t<div class=\"elementor-button-wrapper\">\n\t\t\t\t\t<a class=\"elementor-button elementor-button-link elementor-size-sm\" href=\"https:\/\/chemins-de-deuil.fr\/wp-content\/uploads\/2025\/04\/Formation_2025.pdf\" target=\"_blank\">\n\t\t\t\t\t\t<span class=\"elementor-button-content-wrapper\">\n\t\t\t\t\t\t\t\t\t<span class=\"elementor-button-text\">Inscription<\/span>\n\t\t\t\t\t<\/span>\n\t\t\t\t\t<\/a>\n\t\t\t\t<\/div>\n\t\t\t\t\t\t\t\t<\/div>\n\t\t\t\t<\/div>\n\t\t\t\t<\/div>\n\t\t<div id=\"e-n-tab-content-2072484182\" role=\"tabpanel\" aria-labelledby=\"e-n-tab-title-2072484182\" data-tab-index=\"2\" style=\"--n-tabs-title-order: 2;\" class=\" elementor-element elementor-element-19e1a160 e-con-full e-flex e-con e-child\" data-id=\"19e1a160\" data-element_type=\"container\" data-e-type=\"container\">\n\t\t\t\t<div class=\"elementor-element elementor-element-35ca6d9a elementor-widget elementor-widget-text-editor\" data-id=\"35ca6d9a\" data-element_type=\"widget\" data-e-type=\"widget\" data-widget_type=\"text-editor.default\">\n\t\t\t\t<div class=\"elementor-widget-container\">\n\t\t\t\t\t\t\t\t\t<p>Formation <strong>\u00ab\u00a0Accompagnement du deuil du corps \u00e0 l\u2019\u00eatre\u00a0\u00bb &#8211; Module 2<\/strong><\/p><p><strong>Du 21 au 23 novembre 2025<\/strong>, \u00e0 Paris.<\/p><p><span style=\"text-decoration: underline;\">Il est imp\u00e9ratif d&rsquo;avoir suivi le Module 1 de la formation pour pouvoir s&rsquo;inscrire au Module 2.<\/span><\/p>\t\t\t\t\t\t\t\t<\/div>\n\t\t\t\t<\/div>\n\t\t\t\t<div class=\"elementor-element elementor-element-57f02a52 elementor-align-center elementor-widget elementor-widget-button\" data-id=\"57f02a52\" data-element_type=\"widget\" data-e-type=\"widget\" data-widget_type=\"button.default\">\n\t\t\t\t<div class=\"elementor-widget-container\">\n\t\t\t\t\t\t\t\t\t<div class=\"elementor-button-wrapper\">\n\t\t\t\t\t<a class=\"elementor-button elementor-button-link elementor-size-sm\" href=\"https:\/\/chemins-de-deuil.fr\/wp-content\/uploads\/2025\/04\/Formation_2025.pdf\" target=\"_blank\">\n\t\t\t\t\t\t<span class=\"elementor-button-content-wrapper\">\n\t\t\t\t\t\t\t\t\t<span class=\"elementor-button-text\">Inscription<\/span>\n\t\t\t\t\t<\/span>\n\t\t\t\t\t<\/a>\n\t\t\t\t<\/div>\n\t\t\t\t\t\t\t\t<\/div>\n\t\t\t\t<\/div>\n\t\t\t\t<\/div>\n\t\t<div id=\"e-n-tab-content-2072484183\" role=\"tabpanel\" aria-labelledby=\"e-n-tab-title-2072484183\" data-tab-index=\"3\" style=\"--n-tabs-title-order: 3;\" class=\" elementor-element elementor-element-442a5f31 e-con-full e-flex e-con e-child\" data-id=\"442a5f31\" data-element_type=\"container\" data-e-type=\"container\">\n\t\t\t\t<div class=\"elementor-element elementor-element-65073f7b elementor-widget elementor-widget-text-editor\" data-id=\"65073f7b\" data-element_type=\"widget\" data-e-type=\"widget\" data-widget_type=\"text-editor.default\">\n\t\t\t\t<div class=\"elementor-widget-container\">\n\t\t\t\t\t\t\t\t\t<p>Formation <strong>\u00ab\u00a0Accompagnement du deuil du corps \u00e0 l\u2019\u00eatre\u00a0\u00bb &#8211; Module 3<\/strong><\/p><p><strong>Du 12 au 14 d\u00e9cembre 2025<\/strong>, \u00e0 Paris.<\/p><p><span style=\"text-decoration: underline;\">Il est imp\u00e9ratif d&rsquo;avoir suivi le Module 2 de la formation pour pouvoir s&rsquo;inscrire au Module 3.<\/span><\/p>\t\t\t\t\t\t\t\t<\/div>\n\t\t\t\t<\/div>\n\t\t\t\t<div class=\"elementor-element elementor-element-4ff32dee elementor-align-center elementor-widget elementor-widget-button\" data-id=\"4ff32dee\" data-element_type=\"widget\" data-e-type=\"widget\" data-widget_type=\"button.default\">\n\t\t\t\t<div class=\"elementor-widget-container\">\n\t\t\t\t\t\t\t\t\t<div class=\"elementor-button-wrapper\">\n\t\t\t\t\t<a class=\"elementor-button elementor-button-link elementor-size-sm\" href=\"https:\/\/chemins-de-deuil.fr\/wp-content\/uploads\/2025\/04\/Formation_2025.pdf\" target=\"_blank\">\n\t\t\t\t\t\t<span class=\"elementor-button-content-wrapper\">\n\t\t\t\t\t\t\t\t\t<span class=\"elementor-button-text\">Inscription<\/span>\n\t\t\t\t\t<\/span>\n\t\t\t\t\t<\/a>\n\t\t\t\t<\/div>\n\t\t\t\t\t\t\t\t<\/div>\n\t\t\t\t<\/div>\n\t\t\t\t<\/div>\n\t\t\t\t\t<\/div>\n\t\t<\/div>\n\t\t\t\t\t\t<\/div>\n\t\t\t\t<\/div>\n\t\t\t\t\t<\/div>\n\t\t\t\t<\/div>\n\t\t\t\t<\/div>\n\t\t","protected":false},"excerpt":{"rendered":"<p>Interview de Shanti et Anand Jeannot pour \u00ab\u00a0Ainsi va la vie, un podcast sur le deuil\u00a0\u00bb de Ga\u00eblle Guiny.<\/p>\n","protected":false},"author":1,"featured_media":1088,"comment_status":"closed","ping_status":"open","sticky":false,"template":"","format":"standard","meta":{"footnotes":""},"categories":[11],"tags":[15],"class_list":["post-590","post","type-post","status-publish","format-standard","has-post-thumbnail","hentry","category-video","tag-conference"],"yoast_head":"<!-- This site is optimized with the Yoast SEO plugin v27.2 - https:\/\/yoast.com\/product\/yoast-seo-wordpress\/ -->\n<title>Le deuil un chemin de croissance podcast<\/title>\n<meta name=\"description\" content=\"Le deuil une spirale de croissance, Interview de Shanti et Anand Jeannot pour &quot;Ainsi va la vie, un podcast sur le deuil&quot; de Ga\u00eblle Guiny.\" \/>\n<meta name=\"robots\" content=\"index, follow, max-snippet:-1, max-image-preview:large, max-video-preview:-1\" \/>\n<link rel=\"canonical\" href=\"https:\/\/chemins-de-deuil.fr\/index.php\/2025\/05\/13\/podcast-deuil-chemin-spirale-croissance\/\" \/>\n<meta property=\"og:locale\" content=\"fr_FR\" \/>\n<meta property=\"og:type\" content=\"article\" \/>\n<meta property=\"og:title\" content=\"Le deuil un chemin de croissance podcast\" \/>\n<meta property=\"og:description\" content=\"Le deuil une spirale de croissance, Interview de Shanti et Anand Jeannot pour &quot;Ainsi va la vie, un podcast sur le deuil&quot; de Ga\u00eblle Guiny.\" \/>\n<meta property=\"og:url\" content=\"https:\/\/chemins-de-deuil.fr\/index.php\/2025\/05\/13\/podcast-deuil-chemin-spirale-croissance\/\" \/>\n<meta property=\"og:site_name\" content=\"Chemins de deuil, du corps \u00e0 l&#039;\u00eatre\" \/>\n<meta property=\"article:publisher\" content=\"https:\/\/www.facebook.com\/cheminsdedeuil\" \/>\n<meta property=\"article:published_time\" content=\"2025-05-13T10:25:24+00:00\" \/>\n<meta property=\"article:modified_time\" content=\"2025-05-19T13:03:50+00:00\" \/>\n<meta property=\"og:image\" content=\"https:\/\/chemins-de-deuil.fr\/wp-content\/uploads\/2025\/04\/visuel-Podcast-1.png\" \/>\n\t<meta property=\"og:image:width\" content=\"1117\" \/>\n\t<meta property=\"og:image:height\" content=\"604\" \/>\n\t<meta property=\"og:image:type\" content=\"image\/png\" \/>\n<meta name=\"author\" content=\"admin6326\" \/>\n<meta name=\"twitter:card\" content=\"summary_large_image\" \/>\n<meta name=\"twitter:label1\" content=\"\u00c9crit par\" \/>\n\t<meta name=\"twitter:data1\" content=\"admin6326\" \/>\n\t<meta name=\"twitter:label2\" content=\"Dur\u00e9e de lecture estim\u00e9e\" \/>\n\t<meta name=\"twitter:data2\" content=\"2 minutes\" \/>\n<script type=\"application\/ld+json\" class=\"yoast-schema-graph\">{\"@context\":\"https:\/\/schema.org\",\"@graph\":[{\"@type\":\"Article\",\"@id\":\"https:\/\/chemins-de-deuil.fr\/index.php\/2025\/05\/13\/podcast-deuil-chemin-spirale-croissance\/#article\",\"isPartOf\":{\"@id\":\"https:\/\/chemins-de-deuil.fr\/index.php\/2025\/05\/13\/podcast-deuil-chemin-spirale-croissance\/\"},\"author\":{\"name\":\"admin6326\",\"@id\":\"https:\/\/chemins-de-deuil.fr\/#\/schema\/person\/ca1793b867dcafd53ad0443ba700cd75\"},\"headline\":\"Podcast &#8211; La spirale un chemin de croissance\",\"datePublished\":\"2025-05-13T10:25:24+00:00\",\"dateModified\":\"2025-05-19T13:03:50+00:00\",\"mainEntityOfPage\":{\"@id\":\"https:\/\/chemins-de-deuil.fr\/index.php\/2025\/05\/13\/podcast-deuil-chemin-spirale-croissance\/\"},\"wordCount\":280,\"publisher\":{\"@id\":\"https:\/\/chemins-de-deuil.fr\/#organization\"},\"image\":{\"@id\":\"https:\/\/chemins-de-deuil.fr\/index.php\/2025\/05\/13\/podcast-deuil-chemin-spirale-croissance\/#primaryimage\"},\"thumbnailUrl\":\"https:\/\/chemins-de-deuil.fr\/wp-content\/uploads\/2025\/04\/visuel-Podcast-1.png\",\"keywords\":[\"Conf\u00e9rence\"],\"articleSection\":[\"Vid\u00e9o\"],\"inLanguage\":\"fr-FR\"},{\"@type\":\"WebPage\",\"@id\":\"https:\/\/chemins-de-deuil.fr\/index.php\/2025\/05\/13\/podcast-deuil-chemin-spirale-croissance\/\",\"url\":\"https:\/\/chemins-de-deuil.fr\/index.php\/2025\/05\/13\/podcast-deuil-chemin-spirale-croissance\/\",\"name\":\"Le deuil un chemin de croissance podcast\",\"isPartOf\":{\"@id\":\"https:\/\/chemins-de-deuil.fr\/#website\"},\"primaryImageOfPage\":{\"@id\":\"https:\/\/chemins-de-deuil.fr\/index.php\/2025\/05\/13\/podcast-deuil-chemin-spirale-croissance\/#primaryimage\"},\"image\":{\"@id\":\"https:\/\/chemins-de-deuil.fr\/index.php\/2025\/05\/13\/podcast-deuil-chemin-spirale-croissance\/#primaryimage\"},\"thumbnailUrl\":\"https:\/\/chemins-de-deuil.fr\/wp-content\/uploads\/2025\/04\/visuel-Podcast-1.png\",\"datePublished\":\"2025-05-13T10:25:24+00:00\",\"dateModified\":\"2025-05-19T13:03:50+00:00\",\"description\":\"Le deuil une spirale de croissance, Interview de Shanti et Anand Jeannot pour \\\"Ainsi va la vie, un podcast sur le deuil\\\" de Ga\u00eblle Guiny.\",\"breadcrumb\":{\"@id\":\"https:\/\/chemins-de-deuil.fr\/index.php\/2025\/05\/13\/podcast-deuil-chemin-spirale-croissance\/#breadcrumb\"},\"inLanguage\":\"fr-FR\",\"potentialAction\":[{\"@type\":\"ReadAction\",\"target\":[\"https:\/\/chemins-de-deuil.fr\/index.php\/2025\/05\/13\/podcast-deuil-chemin-spirale-croissance\/\"]}]},{\"@type\":\"ImageObject\",\"inLanguage\":\"fr-FR\",\"@id\":\"https:\/\/chemins-de-deuil.fr\/index.php\/2025\/05\/13\/podcast-deuil-chemin-spirale-croissance\/#primaryimage\",\"url\":\"https:\/\/chemins-de-deuil.fr\/wp-content\/uploads\/2025\/04\/visuel-Podcast-1.png\",\"contentUrl\":\"https:\/\/chemins-de-deuil.fr\/wp-content\/uploads\/2025\/04\/visuel-Podcast-1.png\",\"width\":1117,\"height\":604},{\"@type\":\"BreadcrumbList\",\"@id\":\"https:\/\/chemins-de-deuil.fr\/index.php\/2025\/05\/13\/podcast-deuil-chemin-spirale-croissance\/#breadcrumb\",\"itemListElement\":[{\"@type\":\"ListItem\",\"position\":1,\"name\":\"Accueil\",\"item\":\"https:\/\/chemins-de-deuil.fr\/\"},{\"@type\":\"ListItem\",\"position\":2,\"name\":\"Podcast &#8211; La spirale un chemin de croissance\"}]},{\"@type\":\"WebSite\",\"@id\":\"https:\/\/chemins-de-deuil.fr\/#website\",\"url\":\"https:\/\/chemins-de-deuil.fr\/\",\"name\":\"Chemins de deuil, du corps \u00e0 l'\u00eatre\",\"description\":\"Sur le chemin du deuil, accompagner la vie\",\"publisher\":{\"@id\":\"https:\/\/chemins-de-deuil.fr\/#organization\"},\"potentialAction\":[{\"@type\":\"SearchAction\",\"target\":{\"@type\":\"EntryPoint\",\"urlTemplate\":\"https:\/\/chemins-de-deuil.fr\/?s={search_term_string}\"},\"query-input\":{\"@type\":\"PropertyValueSpecification\",\"valueRequired\":true,\"valueName\":\"search_term_string\"}}],\"inLanguage\":\"fr-FR\"},{\"@type\":\"Organization\",\"@id\":\"https:\/\/chemins-de-deuil.fr\/#organization\",\"name\":\"Chemins de deuil, du corps \u00e0 l'\u00eatre\",\"url\":\"https:\/\/chemins-de-deuil.fr\/\",\"logo\":{\"@type\":\"ImageObject\",\"inLanguage\":\"fr-FR\",\"@id\":\"https:\/\/chemins-de-deuil.fr\/#\/schema\/logo\/image\/\",\"url\":\"https:\/\/chemins-de-deuil.fr\/wp-content\/uploads\/2025\/04\/cropped-logoCDD.png\",\"contentUrl\":\"https:\/\/chemins-de-deuil.fr\/wp-content\/uploads\/2025\/04\/cropped-logoCDD.png\",\"width\":923,\"height\":492,\"caption\":\"Chemins de deuil, du corps \u00e0 l'\u00eatre\"},\"image\":{\"@id\":\"https:\/\/chemins-de-deuil.fr\/#\/schema\/logo\/image\/\"},\"sameAs\":[\"https:\/\/www.facebook.com\/cheminsdedeuil\"]},{\"@type\":\"Person\",\"@id\":\"https:\/\/chemins-de-deuil.fr\/#\/schema\/person\/ca1793b867dcafd53ad0443ba700cd75\",\"name\":\"admin6326\",\"image\":{\"@type\":\"ImageObject\",\"inLanguage\":\"fr-FR\",\"@id\":\"https:\/\/secure.gravatar.com\/avatar\/22a5ec7c050d9f9165302ddb75244215e8d231ec831249b4afb3dd0283f69529?s=96&d=mm&r=g\",\"url\":\"https:\/\/secure.gravatar.com\/avatar\/22a5ec7c050d9f9165302ddb75244215e8d231ec831249b4afb3dd0283f69529?s=96&d=mm&r=g\",\"contentUrl\":\"https:\/\/secure.gravatar.com\/avatar\/22a5ec7c050d9f9165302ddb75244215e8d231ec831249b4afb3dd0283f69529?s=96&d=mm&r=g\",\"caption\":\"admin6326\"},\"sameAs\":[\"http:\/\/omugubq.cluster021.hosting.ovh.net\"],\"url\":\"https:\/\/chemins-de-deuil.fr\/index.php\/author\/admin6326\/\"}]}<\/script>\n<!-- \/ Yoast SEO plugin. -->","yoast_head_json":{"title":"Le deuil un chemin de croissance podcast","description":"Le deuil une spirale de croissance, Interview de Shanti et Anand Jeannot pour \"Ainsi va la vie, un podcast sur le deuil\" de Ga\u00eblle Guiny.","robots":{"index":"index","follow":"follow","max-snippet":"max-snippet:-1","max-image-preview":"max-image-preview:large","max-video-preview":"max-video-preview:-1"},"canonical":"https:\/\/chemins-de-deuil.fr\/index.php\/2025\/05\/13\/podcast-deuil-chemin-spirale-croissance\/","og_locale":"fr_FR","og_type":"article","og_title":"Le deuil un chemin de croissance podcast","og_description":"Le deuil une spirale de croissance, Interview de Shanti et Anand Jeannot pour \"Ainsi va la vie, un podcast sur le deuil\" de Ga\u00eblle Guiny.","og_url":"https:\/\/chemins-de-deuil.fr\/index.php\/2025\/05\/13\/podcast-deuil-chemin-spirale-croissance\/","og_site_name":"Chemins de deuil, du corps \u00e0 l&#039;\u00eatre","article_publisher":"https:\/\/www.facebook.com\/cheminsdedeuil","article_published_time":"2025-05-13T10:25:24+00:00","article_modified_time":"2025-05-19T13:03:50+00:00","og_image":[{"width":1117,"height":604,"url":"https:\/\/chemins-de-deuil.fr\/wp-content\/uploads\/2025\/04\/visuel-Podcast-1.png","type":"image\/png"}],"author":"admin6326","twitter_card":"summary_large_image","twitter_misc":{"\u00c9crit par":"admin6326","Dur\u00e9e de lecture estim\u00e9e":"2 minutes"},"schema":{"@context":"https:\/\/schema.org","@graph":[{"@type":"Article","@id":"https:\/\/chemins-de-deuil.fr\/index.php\/2025\/05\/13\/podcast-deuil-chemin-spirale-croissance\/#article","isPartOf":{"@id":"https:\/\/chemins-de-deuil.fr\/index.php\/2025\/05\/13\/podcast-deuil-chemin-spirale-croissance\/"},"author":{"name":"admin6326","@id":"https:\/\/chemins-de-deuil.fr\/#\/schema\/person\/ca1793b867dcafd53ad0443ba700cd75"},"headline":"Podcast &#8211; La spirale un chemin de croissance","datePublished":"2025-05-13T10:25:24+00:00","dateModified":"2025-05-19T13:03:50+00:00","mainEntityOfPage":{"@id":"https:\/\/chemins-de-deuil.fr\/index.php\/2025\/05\/13\/podcast-deuil-chemin-spirale-croissance\/"},"wordCount":280,"publisher":{"@id":"https:\/\/chemins-de-deuil.fr\/#organization"},"image":{"@id":"https:\/\/chemins-de-deuil.fr\/index.php\/2025\/05\/13\/podcast-deuil-chemin-spirale-croissance\/#primaryimage"},"thumbnailUrl":"https:\/\/chemins-de-deuil.fr\/wp-content\/uploads\/2025\/04\/visuel-Podcast-1.png","keywords":["Conf\u00e9rence"],"articleSection":["Vid\u00e9o"],"inLanguage":"fr-FR"},{"@type":"WebPage","@id":"https:\/\/chemins-de-deuil.fr\/index.php\/2025\/05\/13\/podcast-deuil-chemin-spirale-croissance\/","url":"https:\/\/chemins-de-deuil.fr\/index.php\/2025\/05\/13\/podcast-deuil-chemin-spirale-croissance\/","name":"Le deuil un chemin de croissance podcast","isPartOf":{"@id":"https:\/\/chemins-de-deuil.fr\/#website"},"primaryImageOfPage":{"@id":"https:\/\/chemins-de-deuil.fr\/index.php\/2025\/05\/13\/podcast-deuil-chemin-spirale-croissance\/#primaryimage"},"image":{"@id":"https:\/\/chemins-de-deuil.fr\/index.php\/2025\/05\/13\/podcast-deuil-chemin-spirale-croissance\/#primaryimage"},"thumbnailUrl":"https:\/\/chemins-de-deuil.fr\/wp-content\/uploads\/2025\/04\/visuel-Podcast-1.png","datePublished":"2025-05-13T10:25:24+00:00","dateModified":"2025-05-19T13:03:50+00:00","description":"Le deuil une spirale de croissance, Interview de Shanti et Anand Jeannot pour \"Ainsi va la vie, un podcast sur le deuil\" de Ga\u00eblle Guiny.","breadcrumb":{"@id":"https:\/\/chemins-de-deuil.fr\/index.php\/2025\/05\/13\/podcast-deuil-chemin-spirale-croissance\/#breadcrumb"},"inLanguage":"fr-FR","potentialAction":[{"@type":"ReadAction","target":["https:\/\/chemins-de-deuil.fr\/index.php\/2025\/05\/13\/podcast-deuil-chemin-spirale-croissance\/"]}]},{"@type":"ImageObject","inLanguage":"fr-FR","@id":"https:\/\/chemins-de-deuil.fr\/index.php\/2025\/05\/13\/podcast-deuil-chemin-spirale-croissance\/#primaryimage","url":"https:\/\/chemins-de-deuil.fr\/wp-content\/uploads\/2025\/04\/visuel-Podcast-1.png","contentUrl":"https:\/\/chemins-de-deuil.fr\/wp-content\/uploads\/2025\/04\/visuel-Podcast-1.png","width":1117,"height":604},{"@type":"BreadcrumbList","@id":"https:\/\/chemins-de-deuil.fr\/index.php\/2025\/05\/13\/podcast-deuil-chemin-spirale-croissance\/#breadcrumb","itemListElement":[{"@type":"ListItem","position":1,"name":"Accueil","item":"https:\/\/chemins-de-deuil.fr\/"},{"@type":"ListItem","position":2,"name":"Podcast &#8211; La spirale un chemin de croissance"}]},{"@type":"WebSite","@id":"https:\/\/chemins-de-deuil.fr\/#website","url":"https:\/\/chemins-de-deuil.fr\/","name":"Chemins de deuil, du corps \u00e0 l'\u00eatre","description":"Sur le chemin du deuil, accompagner la vie","publisher":{"@id":"https:\/\/chemins-de-deuil.fr\/#organization"},"potentialAction":[{"@type":"SearchAction","target":{"@type":"EntryPoint","urlTemplate":"https:\/\/chemins-de-deuil.fr\/?s={search_term_string}"},"query-input":{"@type":"PropertyValueSpecification","valueRequired":true,"valueName":"search_term_string"}}],"inLanguage":"fr-FR"},{"@type":"Organization","@id":"https:\/\/chemins-de-deuil.fr\/#organization","name":"Chemins de deuil, du corps \u00e0 l'\u00eatre","url":"https:\/\/chemins-de-deuil.fr\/","logo":{"@type":"ImageObject","inLanguage":"fr-FR","@id":"https:\/\/chemins-de-deuil.fr\/#\/schema\/logo\/image\/","url":"https:\/\/chemins-de-deuil.fr\/wp-content\/uploads\/2025\/04\/cropped-logoCDD.png","contentUrl":"https:\/\/chemins-de-deuil.fr\/wp-content\/uploads\/2025\/04\/cropped-logoCDD.png","width":923,"height":492,"caption":"Chemins de deuil, du corps \u00e0 l'\u00eatre"},"image":{"@id":"https:\/\/chemins-de-deuil.fr\/#\/schema\/logo\/image\/"},"sameAs":["https:\/\/www.facebook.com\/cheminsdedeuil"]},{"@type":"Person","@id":"https:\/\/chemins-de-deuil.fr\/#\/schema\/person\/ca1793b867dcafd53ad0443ba700cd75","name":"admin6326","image":{"@type":"ImageObject","inLanguage":"fr-FR","@id":"https:\/\/secure.gravatar.com\/avatar\/22a5ec7c050d9f9165302ddb75244215e8d231ec831249b4afb3dd0283f69529?s=96&d=mm&r=g","url":"https:\/\/secure.gravatar.com\/avatar\/22a5ec7c050d9f9165302ddb75244215e8d231ec831249b4afb3dd0283f69529?s=96&d=mm&r=g","contentUrl":"https:\/\/secure.gravatar.com\/avatar\/22a5ec7c050d9f9165302ddb75244215e8d231ec831249b4afb3dd0283f69529?s=96&d=mm&r=g","caption":"admin6326"},"sameAs":["http:\/\/omugubq.cluster021.hosting.ovh.net"],"url":"https:\/\/chemins-de-deuil.fr\/index.php\/author\/admin6326\/"}]}},"_links":{"self":[{"href":"https:\/\/chemins-de-deuil.fr\/index.php\/wp-json\/wp\/v2\/posts\/590","targetHints":{"allow":["GET"]}}],"collection":[{"href":"https:\/\/chemins-de-deuil.fr\/index.php\/wp-json\/wp\/v2\/posts"}],"about":[{"href":"https:\/\/chemins-de-deuil.fr\/index.php\/wp-json\/wp\/v2\/types\/post"}],"author":[{"embeddable":true,"href":"https:\/\/chemins-de-deuil.fr\/index.php\/wp-json\/wp\/v2\/users\/1"}],"replies":[{"embeddable":true,"href":"https:\/\/chemins-de-deuil.fr\/index.php\/wp-json\/wp\/v2\/comments?post=590"}],"version-history":[{"count":21,"href":"https:\/\/chemins-de-deuil.fr\/index.php\/wp-json\/wp\/v2\/posts\/590\/revisions"}],"predecessor-version":[{"id":1429,"href":"https:\/\/chemins-de-deuil.fr\/index.php\/wp-json\/wp\/v2\/posts\/590\/revisions\/1429"}],"wp:featuredmedia":[{"embeddable":true,"href":"https:\/\/chemins-de-deuil.fr\/index.php\/wp-json\/wp\/v2\/media\/1088"}],"wp:attachment":[{"href":"https:\/\/chemins-de-deuil.fr\/index.php\/wp-json\/wp\/v2\/media?parent=590"}],"wp:term":[{"taxonomy":"category","embeddable":true,"href":"https:\/\/chemins-de-deuil.fr\/index.php\/wp-json\/wp\/v2\/categories?post=590"},{"taxonomy":"post_tag","embeddable":true,"href":"https:\/\/chemins-de-deuil.fr\/index.php\/wp-json\/wp\/v2\/tags?post=590"}],"curies":[{"name":"wp","href":"https:\/\/api.w.org\/{rel}","templated":true}]}}